{"id":1101,"date":"2021-03-25T22:14:26","date_gmt":"2021-03-26T01:14:26","guid":{"rendered":"http:\/\/congressinterceei.com\/iaseie\/?p=1101"},"modified":"2021-03-26T10:44:19","modified_gmt":"2021-03-26T13:44:19","slug":"lancamento-do-e-book-acaosuperacao-historias-de-acao-e-superacao-da-turma-21-e-os-11-pilares-da-vida","status":"publish","type":"post","link":"https:\/\/congressinterceei.com\/iaseie\/index.php\/2021\/03\/25\/lancamento-do-e-book-acaosuperacao-historias-de-acao-e-superacao-da-turma-21-e-os-11-pilares-da-vida\/","title":{"rendered":"Lan\u00e7amento do E-Book: A\u00e7\u00e3o&#038;Supera\u00e7\u00e3o \u2013 Hist\u00f3rias de A\u00e7\u00e3o e Supera\u00e7\u00e3o da Turma 21 e Os 11 Pilares da Vida"},"content":{"rendered":"\n<div class=\"wp-block-media-text alignwide is-stacked-on-mobile\"><figure class=\"wp-block-media-text__media\"><img loading=\"lazy\" decoding=\"async\" width=\"640\" height=\"995\" src=\"http:\/\/congressinterceei.com\/iaseie\/wp-content\/uploads\/2021\/03\/WhatsApp-Image-2021-03-24-at-12.36.07.jpeg\" alt=\"\" class=\"wp-image-1087\" srcset=\"https:\/\/congressinterceei.com\/iaseie\/wp-content\/uploads\/2021\/03\/WhatsApp-Image-2021-03-24-at-12.36.07.jpeg 640w, https:\/\/congressinterceei.com\/iaseie\/wp-content\/uploads\/2021\/03\/WhatsApp-Image-2021-03-24-at-12.36.07-193x300.jpeg 193w\" sizes=\"(max-width: 640px) 100vw, 640px\" \/><\/figure><div class=\"wp-block-media-text__content\">\n<p><br>O livro digital <strong>A\u00c7\u00c3O &amp; SUPERA\u00c7\u00c3O<\/strong> da Turma 21, de Forma\u00e7\u00e3o em Coaching Integral Sist\u00eamico- FCIS da FEBRACIS em Janeiro 2021, projeto coordenado pela presidente da IASEIE, fala de hist\u00f3rias e exemplos que possam ajudar a superar esta situa\u00e7\u00e3o atual em que vivemos.<br> A Hist\u00f3ria de A\u00e7\u00e3o e Supera\u00e7\u00e3o de alunos da Turma 21, no dia da conclus\u00e3o do curso FCIS em S\u00e3o Paulo, Janeiro do ano 2021, mostrou uma grande tomada de decis\u00e3o da Turma 21: que unidos encontrariam solu\u00e7\u00f5es para ajudar ao desenvolvimento e aperfei\u00e7oamento de Todos os colegas.<br><br> Em conjunto resolveram expor seus sentimentos, cren\u00e7as limitantes, valores, a\u00e7\u00f5es e supera\u00e7\u00e3o, nos 11 Pilares da Vida, em 20 cap\u00edtulos deste livro.<br> Voc\u00ea poder\u00e1 atrav\u00e9s dessa leitura conhecer melhor como est\u00e3o seus 11 Pilares da Vida e ver sugest\u00f5es como desenvolv\u00ea-los. <br><br> A Associa\u00e7\u00e3o Internacional IASEIE &#8211; Vendo o que n\u00e3o se V\u00ea (2010-2021), procura ajudar e desenvolver projetos de aten\u00e7\u00e3o integral (pessoal, profissional e espiritual), para uma transforma\u00e7\u00e3o e melhor qualidade de vida do ser humano. <br><br><em> Uma \u00f3tima leitura e reflex\u00e3o!<br> Gratid\u00e3o! <\/em><\/p>\n<\/div><\/div>\n\n\n\n<p class=\"has-text-color has-medium-font-size has-vivid-cyan-blue-color\"><br><strong>Compre agora em Ambiente Seguro<\/strong><\/p>\n\n\n\n<!-- INICIO DO BOTAO PAGSEGURO --><a href=\"https:\/\/pag.ae\/7W-EVVFVn\/button\" target=\"_blank\" title=\"Pagar com PagSeguro\" rel=\"noopener noreferrer\"><img decoding=\"async\" src=\"\/\/assets.pagseguro.com.br\/ps-integration-assets\/botoes\/pagamentos\/205x30-pagar.gif\" alt=\"Pague com PagSeguro - \u00e9 r\u00e1pido, gr\u00e1tis e seguro!\"><\/a><!-- FIM DO BOTAO PAGSEGURO -->\n\n\n\n<p> <br>   <\/p>\n\n\n\n<hr class=\"wp-block-separator\"\/>\n\n\n\n<p class=\"has-text-color has-medium-font-size has-vivid-cyan-blue-color\"><br><strong>Buy in the USA<\/strong><\/p>\n\n\n\n<figure class=\"wp-block-image\"><img loading=\"lazy\" decoding=\"async\" width=\"1024\" height=\"497\" src=\"http:\/\/congressinterceei.com\/iaseie\/wp-content\/uploads\/2021\/03\/WhatsApp-Image-2021-03-25-at-12.33-1024x497.png\" alt=\"\" class=\"wp-image-1093\" srcset=\"https:\/\/congressinterceei.com\/iaseie\/wp-content\/uploads\/2021\/03\/WhatsApp-Image-2021-03-25-at-12.33-1024x497.png 1024w, https:\/\/congressinterceei.com\/iaseie\/wp-content\/uploads\/2021\/03\/WhatsApp-Image-2021-03-25-at-12.33-300x146.png 300w, https:\/\/congressinterceei.com\/iaseie\/wp-content\/uploads\/2021\/03\/WhatsApp-Image-2021-03-25-at-12.33-768x373.png 768w, https:\/\/congressinterceei.com\/iaseie\/wp-content\/uploads\/2021\/03\/WhatsApp-Image-2021-03-25-at-12.33.png 1038w\" sizes=\"(max-width: 1024px) 100vw, 1024px\" \/><figcaption>  <br>   <\/figcaption><\/figure>\n\n\n\n<hr class=\"wp-block-separator\"\/>\n","protected":false},"excerpt":{"rendered":"<p>O livro digital A\u00c7\u00c3O &amp; SUPERA\u00c7\u00c3O da Turma 21, de Forma\u00e7\u00e3o em Coaching Integral Sist\u00eamico- FCIS da FEBRACIS em Janeiro 2021, projeto coordenado pela presidente da IASEIE, fala de hist\u00f3rias e exemplos que possam ajudar a superar esta situa\u00e7\u00e3o atual em que vivemos. A Hist\u00f3ria de A\u00e7\u00e3o e Supera\u00e7\u00e3o de alunos da Turma 21, no dia da conclus\u00e3o do curso FCIS em S\u00e3o Paulo, Janeiro do ano 2021, mostrou uma grande tomada de decis\u00e3o da Turma 21: que unidos encontrariam solu\u00e7\u00f5es para ajudar ao desenvolvimento e aperfei\u00e7oamento de Todos os colegas. Em conjunto resolveram expor seus sentimentos, cren\u00e7as limitantes, valores, a\u00e7\u00f5es e supera\u00e7\u00e3o, nos 11 Pilares da Vida, em 20 cap\u00edtulos deste livro. Voc\u00ea poder\u00e1 atrav\u00e9s dessa leitura conhecer melhor como est\u00e3o seus 11 Pilares da Vida e ver sugest\u00f5es como desenvolv\u00ea-los. A Associa\u00e7\u00e3o Internacional IASEIE &#8211; Vendo o que n\u00e3o se V\u00ea (2010-2021), procura ajudar e desenvolver projetos de aten\u00e7\u00e3o integral (pessoal, profissional e espiritual), para uma transforma\u00e7\u00e3o e melhor qualidade de vida do ser humano. Uma \u00f3tima leitura e reflex\u00e3o! Gratid\u00e3o! Compre agora em Ambiente Seguro Buy in the USA<\/p>\n","protected":false},"author":1,"featured_media":1088,"comment_status":"open","ping_status":"open","sticky":false,"template":"","format":"standard","meta":{"footnotes":""},"categories":[2],"tags":[99,97,96,98],"yoast_head":"<!-- This site is optimized with the Yoast SEO plugin v22.6 - https:\/\/yoast.com\/wordpress\/plugins\/seo\/ -->\n<title>Lan\u00e7amento do E-Book: A\u00e7\u00e3o&amp;Supera\u00e7\u00e3o \u2013 Hist\u00f3rias de A\u00e7\u00e3o e Supera\u00e7\u00e3o da Turma 21 e Os 11 Pilares da Vida - IASEIE<\/title>\n<meta name=\"robots\" content=\"index, follow, max-snippet:-1, max-image-preview:large, max-video-preview:-1\" \/>\n<link rel=\"canonical\" href=\"https:\/\/congressinterceei.com\/iaseie\/index.php\/2021\/03\/25\/lancamento-do-e-book-acaosuperacao-historias-de-acao-e-superacao-da-turma-21-e-os-11-pilares-da-vida\/\" \/>\n<meta property=\"og:locale\" content=\"en_US\" \/>\n<meta property=\"og:type\" content=\"article\" \/>\n<meta property=\"og:title\" content=\"Lan\u00e7amento do E-Book: A\u00e7\u00e3o&amp;Supera\u00e7\u00e3o \u2013 Hist\u00f3rias de A\u00e7\u00e3o e Supera\u00e7\u00e3o da Turma 21 e Os 11 Pilares da Vida - IASEIE\" \/>\n<meta property=\"og:description\" content=\"O livro digital A\u00c7\u00c3O &amp; SUPERA\u00c7\u00c3O da Turma 21, de Forma\u00e7\u00e3o em Coaching Integral Sist\u00eamico- FCIS da FEBRACIS em Janeiro 2021, projeto coordenado pela presidente da IASEIE, fala de hist\u00f3rias e exemplos que possam ajudar a superar esta situa\u00e7\u00e3o atual em que vivemos. A Hist\u00f3ria de A\u00e7\u00e3o e Supera\u00e7\u00e3o de alunos da Turma 21, no dia da conclus\u00e3o do curso FCIS em S\u00e3o Paulo, Janeiro do ano 2021, mostrou uma grande tomada de decis\u00e3o da Turma 21: que unidos encontrariam solu\u00e7\u00f5es para ajudar ao desenvolvimento e aperfei\u00e7oamento de Todos os colegas. Em conjunto resolveram expor seus sentimentos, cren\u00e7as limitantes, valores, a\u00e7\u00f5es e supera\u00e7\u00e3o, nos 11 Pilares da Vida, em 20 cap\u00edtulos deste livro. Voc\u00ea poder\u00e1 atrav\u00e9s dessa leitura conhecer melhor como est\u00e3o seus 11 Pilares da Vida e ver sugest\u00f5es como desenvolv\u00ea-los. A Associa\u00e7\u00e3o Internacional IASEIE &#8211; Vendo o que n\u00e3o se V\u00ea (2010-2021), procura ajudar e desenvolver projetos de aten\u00e7\u00e3o integral (pessoal, profissional e espiritual), para uma transforma\u00e7\u00e3o e melhor qualidade de vida do ser humano. Uma \u00f3tima leitura e reflex\u00e3o! Gratid\u00e3o! Compre agora em Ambiente Seguro Buy in the USA\" \/>\n<meta property=\"og:url\" content=\"https:\/\/congressinterceei.com\/iaseie\/index.php\/2021\/03\/25\/lancamento-do-e-book-acaosuperacao-historias-de-acao-e-superacao-da-turma-21-e-os-11-pilares-da-vida\/\" \/>\n<meta property=\"og:site_name\" content=\"IASEIE\" \/>\n<meta property=\"article:publisher\" content=\"https:\/\/www.facebook.com\/internationalaseieusa\/\" \/>\n<meta property=\"article:published_time\" content=\"2021-03-26T01:14:26+00:00\" \/>\n<meta property=\"article:modified_time\" content=\"2021-03-26T13:44:19+00:00\" \/>\n<meta property=\"og:image\" content=\"https:\/\/congressinterceei.com\/iaseie\/wp-content\/uploads\/2021\/03\/Untitled-1.png\" \/>\n\t<meta property=\"og:image:width\" content=\"1200\" \/>\n\t<meta property=\"og:image:height\" content=\"800\" \/>\n\t<meta property=\"og:image:type\" content=\"image\/png\" \/>\n<meta name=\"author\" content=\"Direto da Reda\u00e7\u00e3o\" \/>\n<meta name=\"twitter:card\" content=\"summary_large_image\" \/>\n<meta name=\"twitter:label1\" content=\"Written by\" \/>\n\t<meta name=\"twitter:data1\" content=\"Direto da Reda\u00e7\u00e3o\" \/>\n\t<meta name=\"twitter:label2\" content=\"Est. reading time\" \/>\n\t<meta name=\"twitter:data2\" content=\"1 minute\" \/>\n<script type=\"application\/ld+json\" class=\"yoast-schema-graph\">{\"@context\":\"https:\/\/schema.org\",\"@graph\":[{\"@type\":\"Article\",\"@id\":\"https:\/\/congressinterceei.com\/iaseie\/index.php\/2021\/03\/25\/lancamento-do-e-book-acaosuperacao-historias-de-acao-e-superacao-da-turma-21-e-os-11-pilares-da-vida\/#article\",\"isPartOf\":{\"@id\":\"https:\/\/congressinterceei.com\/iaseie\/index.php\/2021\/03\/25\/lancamento-do-e-book-acaosuperacao-historias-de-acao-e-superacao-da-turma-21-e-os-11-pilares-da-vida\/\"},\"author\":{\"name\":\"Direto da Reda\u00e7\u00e3o\",\"@id\":\"https:\/\/congressinterceei.com\/iaseie\/#\/schema\/person\/fe6662263455379bbf6ab12ad6411c90\"},\"headline\":\"Lan\u00e7amento do E-Book: A\u00e7\u00e3o&#038;Supera\u00e7\u00e3o \u2013 Hist\u00f3rias de A\u00e7\u00e3o e Supera\u00e7\u00e3o da Turma 21 e Os 11 Pilares da Vida\",\"datePublished\":\"2021-03-26T01:14:26+00:00\",\"dateModified\":\"2021-03-26T13:44:19+00:00\",\"mainEntityOfPage\":{\"@id\":\"https:\/\/congressinterceei.com\/iaseie\/index.php\/2021\/03\/25\/lancamento-do-e-book-acaosuperacao-historias-de-acao-e-superacao-da-turma-21-e-os-11-pilares-da-vida\/\"},\"wordCount\":225,\"commentCount\":1,\"publisher\":{\"@id\":\"https:\/\/congressinterceei.com\/iaseie\/#organization\"},\"image\":{\"@id\":\"https:\/\/congressinterceei.com\/iaseie\/index.php\/2021\/03\/25\/lancamento-do-e-book-acaosuperacao-historias-de-acao-e-superacao-da-turma-21-e-os-11-pilares-da-vida\/#primaryimage\"},\"thumbnailUrl\":\"https:\/\/congressinterceei.com\/iaseie\/wp-content\/uploads\/2021\/03\/Untitled-1.png\",\"keywords\":[\"11 Pilares da Vida\",\"A\u00e7\u00e3o&amp;Supera\u00e7\u00e3o\",\"E-Book\",\"Turma 21\"],\"articleSection\":[\"News\"],\"inLanguage\":\"en-US\",\"potentialAction\":[{\"@type\":\"CommentAction\",\"name\":\"Comment\",\"target\":[\"https:\/\/congressinterceei.com\/iaseie\/index.php\/2021\/03\/25\/lancamento-do-e-book-acaosuperacao-historias-de-acao-e-superacao-da-turma-21-e-os-11-pilares-da-vida\/#respond\"]}]},{\"@type\":\"WebPage\",\"@id\":\"https:\/\/congressinterceei.com\/iaseie\/index.php\/2021\/03\/25\/lancamento-do-e-book-acaosuperacao-historias-de-acao-e-superacao-da-turma-21-e-os-11-pilares-da-vida\/\",\"url\":\"https:\/\/congressinterceei.com\/iaseie\/index.php\/2021\/03\/25\/lancamento-do-e-book-acaosuperacao-historias-de-acao-e-superacao-da-turma-21-e-os-11-pilares-da-vida\/\",\"name\":\"Lan\u00e7amento do E-Book: A\u00e7\u00e3o&Supera\u00e7\u00e3o \u2013 Hist\u00f3rias de A\u00e7\u00e3o e Supera\u00e7\u00e3o da Turma 21 e Os 11 Pilares da Vida - IASEIE\",\"isPartOf\":{\"@id\":\"https:\/\/congressinterceei.com\/iaseie\/#website\"},\"primaryImageOfPage\":{\"@id\":\"https:\/\/congressinterceei.com\/iaseie\/index.php\/2021\/03\/25\/lancamento-do-e-book-acaosuperacao-historias-de-acao-e-superacao-da-turma-21-e-os-11-pilares-da-vida\/#primaryimage\"},\"image\":{\"@id\":\"https:\/\/congressinterceei.com\/iaseie\/index.php\/2021\/03\/25\/lancamento-do-e-book-acaosuperacao-historias-de-acao-e-superacao-da-turma-21-e-os-11-pilares-da-vida\/#primaryimage\"},\"thumbnailUrl\":\"https:\/\/congressinterceei.com\/iaseie\/wp-content\/uploads\/2021\/03\/Untitled-1.png\",\"datePublished\":\"2021-03-26T01:14:26+00:00\",\"dateModified\":\"2021-03-26T13:44:19+00:00\",\"breadcrumb\":{\"@id\":\"https:\/\/congressinterceei.com\/iaseie\/index.php\/2021\/03\/25\/lancamento-do-e-book-acaosuperacao-historias-de-acao-e-superacao-da-turma-21-e-os-11-pilares-da-vida\/#breadcrumb\"},\"inLanguage\":\"en-US\",\"potentialAction\":[{\"@type\":\"ReadAction\",\"target\":[\"https:\/\/congressinterceei.com\/iaseie\/index.php\/2021\/03\/25\/lancamento-do-e-book-acaosuperacao-historias-de-acao-e-superacao-da-turma-21-e-os-11-pilares-da-vida\/\"]}]},{\"@type\":\"ImageObject\",\"inLanguage\":\"en-US\",\"@id\":\"https:\/\/congressinterceei.com\/iaseie\/index.php\/2021\/03\/25\/lancamento-do-e-book-acaosuperacao-historias-de-acao-e-superacao-da-turma-21-e-os-11-pilares-da-vida\/#primaryimage\",\"url\":\"https:\/\/congressinterceei.com\/iaseie\/wp-content\/uploads\/2021\/03\/Untitled-1.png\",\"contentUrl\":\"https:\/\/congressinterceei.com\/iaseie\/wp-content\/uploads\/2021\/03\/Untitled-1.png\",\"width\":1200,\"height\":800},{\"@type\":\"BreadcrumbList\",\"@id\":\"https:\/\/congressinterceei.com\/iaseie\/index.php\/2021\/03\/25\/lancamento-do-e-book-acaosuperacao-historias-de-acao-e-superacao-da-turma-21-e-os-11-pilares-da-vida\/#breadcrumb\",\"itemListElement\":[{\"@type\":\"ListItem\",\"position\":1,\"name\":\"Home\",\"item\":\"https:\/\/congressinterceei.com\/iaseie\/\"},{\"@type\":\"ListItem\",\"position\":2,\"name\":\"Lan\u00e7amento do E-Book: A\u00e7\u00e3o&#038;Supera\u00e7\u00e3o \u2013 Hist\u00f3rias de A\u00e7\u00e3o e Supera\u00e7\u00e3o da Turma 21 e Os 11 Pilares da Vida\"}]},{\"@type\":\"WebSite\",\"@id\":\"https:\/\/congressinterceei.com\/iaseie\/#website\",\"url\":\"https:\/\/congressinterceei.com\/iaseie\/\",\"name\":\"IASEIE\",\"description\":\"THE INTERNACIONAL ASSOCIATION OF SCIENCE, ETHICS AND INTEGRATED EDUCATION\",\"publisher\":{\"@id\":\"https:\/\/congressinterceei.com\/iaseie\/#organization\"},\"potentialAction\":[{\"@type\":\"SearchAction\",\"target\":{\"@type\":\"EntryPoint\",\"urlTemplate\":\"https:\/\/congressinterceei.com\/iaseie\/?s={search_term_string}\"},\"query-input\":\"required name=search_term_string\"}],\"inLanguage\":\"en-US\"},{\"@type\":\"Organization\",\"@id\":\"https:\/\/congressinterceei.com\/iaseie\/#organization\",\"name\":\"IASEIE - THE INTERNACIONAL ASSOCIATION OF SCIENCE, ETHICS AND INTEGRATED EDUCATION\",\"url\":\"https:\/\/congressinterceei.com\/iaseie\/\",\"logo\":{\"@type\":\"ImageObject\",\"inLanguage\":\"en-US\",\"@id\":\"https:\/\/congressinterceei.com\/iaseie\/#\/schema\/logo\/image\/\",\"url\":\"https:\/\/congressinterceei.com\/iaseie\/wp-content\/uploads\/2019\/09\/logo_iaseie.png\",\"contentUrl\":\"https:\/\/congressinterceei.com\/iaseie\/wp-content\/uploads\/2019\/09\/logo_iaseie.png\",\"width\":820,\"height\":450,\"caption\":\"IASEIE - THE INTERNACIONAL ASSOCIATION OF SCIENCE, ETHICS AND INTEGRATED EDUCATION\"},\"image\":{\"@id\":\"https:\/\/congressinterceei.com\/iaseie\/#\/schema\/logo\/image\/\"},\"sameAs\":[\"https:\/\/www.facebook.com\/internationalaseieusa\/\",\"https:\/\/www.youtube.com\/channel\/UCJ7efGfZQHrdxLj4Jscu6Vg\",\"https:\/\/www.instagram.com\/iaseieinternacional\"]},{\"@type\":\"Person\",\"@id\":\"https:\/\/congressinterceei.com\/iaseie\/#\/schema\/person\/fe6662263455379bbf6ab12ad6411c90\",\"name\":\"Direto da Reda\u00e7\u00e3o\",\"image\":{\"@type\":\"ImageObject\",\"inLanguage\":\"en-US\",\"@id\":\"https:\/\/congressinterceei.com\/iaseie\/#\/schema\/person\/image\/\",\"url\":\"https:\/\/secure.gravatar.com\/avatar\/2496052b679cd00bc0c7ef16490273ae?s=96&d=mm&r=g\",\"contentUrl\":\"https:\/\/secure.gravatar.com\/avatar\/2496052b679cd00bc0c7ef16490273ae?s=96&d=mm&r=g\",\"caption\":\"Direto da Reda\u00e7\u00e3o\"},\"url\":\"https:\/\/congressinterceei.com\/iaseie\/index.php\/author\/congressinterceei\/\"}]}<\/script>\n<!-- \/ Yoast SEO plugin. -->","yoast_head_json":{"title":"Lan\u00e7amento do E-Book: A\u00e7\u00e3o&Supera\u00e7\u00e3o \u2013 Hist\u00f3rias de A\u00e7\u00e3o e Supera\u00e7\u00e3o da Turma 21 e Os 11 Pilares da Vida - IASEIE","robots":{"index":"index","follow":"follow","max-snippet":"max-snippet:-1","max-image-preview":"max-image-preview:large","max-video-preview":"max-video-preview:-1"},"canonical":"https:\/\/congressinterceei.com\/iaseie\/index.php\/2021\/03\/25\/lancamento-do-e-book-acaosuperacao-historias-de-acao-e-superacao-da-turma-21-e-os-11-pilares-da-vida\/","og_locale":"en_US","og_type":"article","og_title":"Lan\u00e7amento do E-Book: A\u00e7\u00e3o&Supera\u00e7\u00e3o \u2013 Hist\u00f3rias de A\u00e7\u00e3o e Supera\u00e7\u00e3o da Turma 21 e Os 11 Pilares da Vida - IASEIE","og_description":"O livro digital A\u00c7\u00c3O &amp; SUPERA\u00c7\u00c3O da Turma 21, de Forma\u00e7\u00e3o em Coaching Integral Sist\u00eamico- FCIS da FEBRACIS em Janeiro 2021, projeto coordenado pela presidente da IASEIE, fala de hist\u00f3rias e exemplos que possam ajudar a superar esta situa\u00e7\u00e3o atual em que vivemos. A Hist\u00f3ria de A\u00e7\u00e3o e Supera\u00e7\u00e3o de alunos da Turma 21, no dia da conclus\u00e3o do curso FCIS em S\u00e3o Paulo, Janeiro do ano 2021, mostrou uma grande tomada de decis\u00e3o da Turma 21: que unidos encontrariam solu\u00e7\u00f5es para ajudar ao desenvolvimento e aperfei\u00e7oamento de Todos os colegas. Em conjunto resolveram expor seus sentimentos, cren\u00e7as limitantes, valores, a\u00e7\u00f5es e supera\u00e7\u00e3o, nos 11 Pilares da Vida, em 20 cap\u00edtulos deste livro. Voc\u00ea poder\u00e1 atrav\u00e9s dessa leitura conhecer melhor como est\u00e3o seus 11 Pilares da Vida e ver sugest\u00f5es como desenvolv\u00ea-los. A Associa\u00e7\u00e3o Internacional IASEIE &#8211; Vendo o que n\u00e3o se V\u00ea (2010-2021), procura ajudar e desenvolver projetos de aten\u00e7\u00e3o integral (pessoal, profissional e espiritual), para uma transforma\u00e7\u00e3o e melhor qualidade de vida do ser humano. Uma \u00f3tima leitura e reflex\u00e3o! Gratid\u00e3o! Compre agora em Ambiente Seguro Buy in the USA","og_url":"https:\/\/congressinterceei.com\/iaseie\/index.php\/2021\/03\/25\/lancamento-do-e-book-acaosuperacao-historias-de-acao-e-superacao-da-turma-21-e-os-11-pilares-da-vida\/","og_site_name":"IASEIE","article_publisher":"https:\/\/www.facebook.com\/internationalaseieusa\/","article_published_time":"2021-03-26T01:14:26+00:00","article_modified_time":"2021-03-26T13:44:19+00:00","og_image":[{"width":1200,"height":800,"url":"https:\/\/congressinterceei.com\/iaseie\/wp-content\/uploads\/2021\/03\/Untitled-1.png","type":"image\/png"}],"author":"Direto da Reda\u00e7\u00e3o","twitter_card":"summary_large_image","twitter_misc":{"Written by":"Direto da Reda\u00e7\u00e3o","Est. reading time":"1 minute"},"schema":{"@context":"https:\/\/schema.org","@graph":[{"@type":"Article","@id":"https:\/\/congressinterceei.com\/iaseie\/index.php\/2021\/03\/25\/lancamento-do-e-book-acaosuperacao-historias-de-acao-e-superacao-da-turma-21-e-os-11-pilares-da-vida\/#article","isPartOf":{"@id":"https:\/\/congressinterceei.com\/iaseie\/index.php\/2021\/03\/25\/lancamento-do-e-book-acaosuperacao-historias-de-acao-e-superacao-da-turma-21-e-os-11-pilares-da-vida\/"},"author":{"name":"Direto da Reda\u00e7\u00e3o","@id":"https:\/\/congressinterceei.com\/iaseie\/#\/schema\/person\/fe6662263455379bbf6ab12ad6411c90"},"headline":"Lan\u00e7amento do E-Book: A\u00e7\u00e3o&#038;Supera\u00e7\u00e3o \u2013 Hist\u00f3rias de A\u00e7\u00e3o e Supera\u00e7\u00e3o da Turma 21 e Os 11 Pilares da Vida","datePublished":"2021-03-26T01:14:26+00:00","dateModified":"2021-03-26T13:44:19+00:00","mainEntityOfPage":{"@id":"https:\/\/congressinterceei.com\/iaseie\/index.php\/2021\/03\/25\/lancamento-do-e-book-acaosuperacao-historias-de-acao-e-superacao-da-turma-21-e-os-11-pilares-da-vida\/"},"wordCount":225,"commentCount":1,"publisher":{"@id":"https:\/\/congressinterceei.com\/iaseie\/#organization"},"image":{"@id":"https:\/\/congressinterceei.com\/iaseie\/index.php\/2021\/03\/25\/lancamento-do-e-book-acaosuperacao-historias-de-acao-e-superacao-da-turma-21-e-os-11-pilares-da-vida\/#primaryimage"},"thumbnailUrl":"https:\/\/congressinterceei.com\/iaseie\/wp-content\/uploads\/2021\/03\/Untitled-1.png","keywords":["11 Pilares da Vida","A\u00e7\u00e3o&amp;Supera\u00e7\u00e3o","E-Book","Turma 21"],"articleSection":["News"],"inLanguage":"en-US","potentialAction":[{"@type":"CommentAction","name":"Comment","target":["https:\/\/congressinterceei.com\/iaseie\/index.php\/2021\/03\/25\/lancamento-do-e-book-acaosuperacao-historias-de-acao-e-superacao-da-turma-21-e-os-11-pilares-da-vida\/#respond"]}]},{"@type":"WebPage","@id":"https:\/\/congressinterceei.com\/iaseie\/index.php\/2021\/03\/25\/lancamento-do-e-book-acaosuperacao-historias-de-acao-e-superacao-da-turma-21-e-os-11-pilares-da-vida\/","url":"https:\/\/congressinterceei.com\/iaseie\/index.php\/2021\/03\/25\/lancamento-do-e-book-acaosuperacao-historias-de-acao-e-superacao-da-turma-21-e-os-11-pilares-da-vida\/","name":"Lan\u00e7amento do E-Book: A\u00e7\u00e3o&Supera\u00e7\u00e3o \u2013 Hist\u00f3rias de A\u00e7\u00e3o e Supera\u00e7\u00e3o da Turma 21 e Os 11 Pilares da Vida - IASEIE","isPartOf":{"@id":"https:\/\/congressinterceei.com\/iaseie\/#website"},"primaryImageOfPage":{"@id":"https:\/\/congressinterceei.com\/iaseie\/index.php\/2021\/03\/25\/lancamento-do-e-book-acaosuperacao-historias-de-acao-e-superacao-da-turma-21-e-os-11-pilares-da-vida\/#primaryimage"},"image":{"@id":"https:\/\/congressinterceei.com\/iaseie\/index.php\/2021\/03\/25\/lancamento-do-e-book-acaosuperacao-historias-de-acao-e-superacao-da-turma-21-e-os-11-pilares-da-vida\/#primaryimage"},"thumbnailUrl":"https:\/\/congressinterceei.com\/iaseie\/wp-content\/uploads\/2021\/03\/Untitled-1.png","datePublished":"2021-03-26T01:14:26+00:00","dateModified":"2021-03-26T13:44:19+00:00","breadcrumb":{"@id":"https:\/\/congressinterceei.com\/iaseie\/index.php\/2021\/03\/25\/lancamento-do-e-book-acaosuperacao-historias-de-acao-e-superacao-da-turma-21-e-os-11-pilares-da-vida\/#breadcrumb"},"inLanguage":"en-US","potentialAction":[{"@type":"ReadAction","target":["https:\/\/congressinterceei.com\/iaseie\/index.php\/2021\/03\/25\/lancamento-do-e-book-acaosuperacao-historias-de-acao-e-superacao-da-turma-21-e-os-11-pilares-da-vida\/"]}]},{"@type":"ImageObject","inLanguage":"en-US","@id":"https:\/\/congressinterceei.com\/iaseie\/index.php\/2021\/03\/25\/lancamento-do-e-book-acaosuperacao-historias-de-acao-e-superacao-da-turma-21-e-os-11-pilares-da-vida\/#primaryimage","url":"https:\/\/congressinterceei.com\/iaseie\/wp-content\/uploads\/2021\/03\/Untitled-1.png","contentUrl":"https:\/\/congressinterceei.com\/iaseie\/wp-content\/uploads\/2021\/03\/Untitled-1.png","width":1200,"height":800},{"@type":"BreadcrumbList","@id":"https:\/\/congressinterceei.com\/iaseie\/index.php\/2021\/03\/25\/lancamento-do-e-book-acaosuperacao-historias-de-acao-e-superacao-da-turma-21-e-os-11-pilares-da-vida\/#breadcrumb","itemListElement":[{"@type":"ListItem","position":1,"name":"Home","item":"https:\/\/congressinterceei.com\/iaseie\/"},{"@type":"ListItem","position":2,"name":"Lan\u00e7amento do E-Book: A\u00e7\u00e3o&#038;Supera\u00e7\u00e3o \u2013 Hist\u00f3rias de A\u00e7\u00e3o e Supera\u00e7\u00e3o da Turma 21 e Os 11 Pilares da Vida"}]},{"@type":"WebSite","@id":"https:\/\/congressinterceei.com\/iaseie\/#website","url":"https:\/\/congressinterceei.com\/iaseie\/","name":"IASEIE","description":"THE INTERNACIONAL ASSOCIATION OF SCIENCE, ETHICS AND INTEGRATED EDUCATION","publisher":{"@id":"https:\/\/congressinterceei.com\/iaseie\/#organization"},"potentialAction":[{"@type":"SearchAction","target":{"@type":"EntryPoint","urlTemplate":"https:\/\/congressinterceei.com\/iaseie\/?s={search_term_string}"},"query-input":"required name=search_term_string"}],"inLanguage":"en-US"},{"@type":"Organization","@id":"https:\/\/congressinterceei.com\/iaseie\/#organization","name":"IASEIE - THE INTERNACIONAL ASSOCIATION OF SCIENCE, ETHICS AND INTEGRATED EDUCATION","url":"https:\/\/congressinterceei.com\/iaseie\/","logo":{"@type":"ImageObject","inLanguage":"en-US","@id":"https:\/\/congressinterceei.com\/iaseie\/#\/schema\/logo\/image\/","url":"https:\/\/congressinterceei.com\/iaseie\/wp-content\/uploads\/2019\/09\/logo_iaseie.png","contentUrl":"https:\/\/congressinterceei.com\/iaseie\/wp-content\/uploads\/2019\/09\/logo_iaseie.png","width":820,"height":450,"caption":"IASEIE - THE INTERNACIONAL ASSOCIATION OF SCIENCE, ETHICS AND INTEGRATED EDUCATION"},"image":{"@id":"https:\/\/congressinterceei.com\/iaseie\/#\/schema\/logo\/image\/"},"sameAs":["https:\/\/www.facebook.com\/internationalaseieusa\/","https:\/\/www.youtube.com\/channel\/UCJ7efGfZQHrdxLj4Jscu6Vg","https:\/\/www.instagram.com\/iaseieinternacional"]},{"@type":"Person","@id":"https:\/\/congressinterceei.com\/iaseie\/#\/schema\/person\/fe6662263455379bbf6ab12ad6411c90","name":"Direto da Reda\u00e7\u00e3o","image":{"@type":"ImageObject","inLanguage":"en-US","@id":"https:\/\/congressinterceei.com\/iaseie\/#\/schema\/person\/image\/","url":"https:\/\/secure.gravatar.com\/avatar\/2496052b679cd00bc0c7ef16490273ae?s=96&d=mm&r=g","contentUrl":"https:\/\/secure.gravatar.com\/avatar\/2496052b679cd00bc0c7ef16490273ae?s=96&d=mm&r=g","caption":"Direto da Reda\u00e7\u00e3o"},"url":"https:\/\/congressinterceei.com\/iaseie\/index.php\/author\/congressinterceei\/"}]}},"_links":{"self":[{"href":"https:\/\/congressinterceei.com\/iaseie\/index.php\/wp-json\/wp\/v2\/posts\/1101"}],"collection":[{"href":"https:\/\/congressinterceei.com\/iaseie\/index.php\/wp-json\/wp\/v2\/posts"}],"about":[{"href":"https:\/\/congressinterceei.com\/iaseie\/index.php\/wp-json\/wp\/v2\/types\/post"}],"author":[{"embeddable":true,"href":"https:\/\/congressinterceei.com\/iaseie\/index.php\/wp-json\/wp\/v2\/users\/1"}],"replies":[{"embeddable":true,"href":"https:\/\/congressinterceei.com\/iaseie\/index.php\/wp-json\/wp\/v2\/comments?post=1101"}],"version-history":[{"count":10,"href":"https:\/\/congressinterceei.com\/iaseie\/index.php\/wp-json\/wp\/v2\/posts\/1101\/revisions"}],"predecessor-version":[{"id":1126,"href":"https:\/\/congressinterceei.com\/iaseie\/index.php\/wp-json\/wp\/v2\/posts\/1101\/revisions\/1126"}],"wp:featuredmedia":[{"embeddable":true,"href":"https:\/\/congressinterceei.com\/iaseie\/index.php\/wp-json\/wp\/v2\/media\/1088"}],"wp:attachment":[{"href":"https:\/\/congressinterceei.com\/iaseie\/index.php\/wp-json\/wp\/v2\/media?parent=1101"}],"wp:term":[{"taxonomy":"category","embeddable":true,"href":"https:\/\/congressinterceei.com\/iaseie\/index.php\/wp-json\/wp\/v2\/categories?post=1101"},{"taxonomy":"post_tag","embeddable":true,"href":"https:\/\/congressinterceei.com\/iaseie\/index.php\/wp-json\/wp\/v2\/tags?post=1101"}],"curies":[{"name":"wp","href":"https:\/\/api.w.org\/{rel}","templated":true}]}}