{"id":1215,"date":"2021-10-13T12:15:20","date_gmt":"2021-10-13T15:15:20","guid":{"rendered":"https:\/\/congressinterceei.com\/iaseie\/?p=1215"},"modified":"2021-10-13T12:43:00","modified_gmt":"2021-10-13T15:43:00","slug":"iaseie-american-branch-na-florida-orlando","status":"publish","type":"post","link":"https:\/\/congressinterceei.com\/iaseie\/index.php\/2021\/10\/13\/iaseie-american-branch-na-florida-orlando\/","title":{"rendered":"IASEIE AMERICAN BRANCH na Florida, Orlando"},"content":{"rendered":"<p><\/p>\n\n\n<\/p>\n<p><strong><span style=\"color: #00a9ff;\">EASY WORK SPACE<\/span><\/strong> &#8211; Sede f\u00edsica e virtual da IASEIE AMERICAN BRANCH na Florida em Orlando.<\/p>\n<p>\n\n\n\n<\/p>\n<p>2295 S Hiawassee Rd &#8211; Suite 104. Orlando, FL &#8211; 32835 USA.<\/p>\n<p>\n\n\n<p><\/p>\n\n\n<ul><li>Virtual Office<\/li><li>Private Office<\/li><li>Conference Room<\/li><li>Meeting Room<\/li><\/ul>\n\n\n\n<hr class=\"wp-block-separator\"\/>\n\n\n\n<p>  <\/p>\n\n\n\n<iframe src=\"https:\/\/www.google.com\/maps\/embed?pb=!1m14!1m8!1m3!1d14022.906864473143!2d-81.4817046!3d28.5178688!3m2!1i1024!2i768!4f13.1!3m3!1m2!1s0x0%3A0xa1795e2599927ec6!2sEasy%20Work%20Space!5e0!3m2!1spt-BR!2sbr!4v1634137504712!5m2!1spt-BR!2sbr\" width=\"1140\" height=\"1140\" style=\"border:0;\" allowfullscreen=\"\" loading=\"lazy\"><\/iframe>\n","protected":false},"excerpt":{"rendered":"<p>EASY WORK SPACE &#8211; Sede f\u00edsica e virtual da IASEIE AMERICAN BRANCH na Florida em Orlando. 2295 S Hiawassee Rd &#8211; Suite 104. Orlando, FL &#8211; 32835 USA. Virtual Office Private Office Conference Room Meeting Room<\/p>\n","protected":false},"author":1,"featured_media":1216,"comment_status":"open","ping_status":"open","sticky":false,"template":"","format":"standard","meta":{"footnotes":""},"categories":[2],"tags":[113,34,71,114],"yoast_head":"<!-- This site is optimized with the Yoast SEO plugin v22.6 - https:\/\/yoast.com\/wordpress\/plugins\/seo\/ -->\n<title>IASEIE AMERICAN BRANCH na Florida, Orlando - IASEIE<\/title>\n<meta name=\"robots\" content=\"index, follow, max-snippet:-1, max-image-preview:large, max-video-preview:-1\" \/>\n<link rel=\"canonical\" href=\"https:\/\/congressinterceei.com\/iaseie\/index.php\/2021\/10\/13\/iaseie-american-branch-na-florida-orlando\/\" \/>\n<meta property=\"og:locale\" content=\"en_US\" \/>\n<meta property=\"og:type\" content=\"article\" \/>\n<meta property=\"og:title\" content=\"IASEIE AMERICAN BRANCH na Florida, Orlando - IASEIE\" \/>\n<meta property=\"og:description\" content=\"EASY WORK SPACE &#8211; Sede f\u00edsica e virtual da IASEIE AMERICAN BRANCH na Florida em Orlando. 2295 S Hiawassee Rd &#8211; Suite 104. Orlando, FL &#8211; 32835 USA. Virtual Office Private Office Conference Room Meeting Room\" \/>\n<meta property=\"og:url\" content=\"https:\/\/congressinterceei.com\/iaseie\/index.php\/2021\/10\/13\/iaseie-american-branch-na-florida-orlando\/\" \/>\n<meta property=\"og:site_name\" content=\"IASEIE\" \/>\n<meta property=\"article:publisher\" content=\"https:\/\/www.facebook.com\/internationalaseieusa\/\" \/>\n<meta property=\"article:published_time\" content=\"2021-10-13T15:15:20+00:00\" \/>\n<meta property=\"article:modified_time\" content=\"2021-10-13T15:43:00+00:00\" \/>\n<meta property=\"og:image\" content=\"https:\/\/congressinterceei.com\/iaseie\/wp-content\/uploads\/2021\/10\/WhatsApp-Image-2021-10-08-at-12.37.40.jpeg\" \/>\n\t<meta property=\"og:image:width\" content=\"640\" \/>\n\t<meta property=\"og:image:height\" content=\"581\" \/>\n\t<meta property=\"og:image:type\" content=\"image\/jpeg\" \/>\n<meta name=\"author\" content=\"Direto da Reda\u00e7\u00e3o\" \/>\n<meta name=\"twitter:card\" content=\"summary_large_image\" \/>\n<meta name=\"twitter:label1\" content=\"Written by\" \/>\n\t<meta name=\"twitter:data1\" content=\"Direto da Reda\u00e7\u00e3o\" \/>\n<script type=\"application\/ld+json\" class=\"yoast-schema-graph\">{\"@context\":\"https:\/\/schema.org\",\"@graph\":[{\"@type\":\"Article\",\"@id\":\"https:\/\/congressinterceei.com\/iaseie\/index.php\/2021\/10\/13\/iaseie-american-branch-na-florida-orlando\/#article\",\"isPartOf\":{\"@id\":\"https:\/\/congressinterceei.com\/iaseie\/index.php\/2021\/10\/13\/iaseie-american-branch-na-florida-orlando\/\"},\"author\":{\"name\":\"Direto da Reda\u00e7\u00e3o\",\"@id\":\"https:\/\/congressinterceei.com\/iaseie\/#\/schema\/person\/fe6662263455379bbf6ab12ad6411c90\"},\"headline\":\"IASEIE AMERICAN BRANCH na Florida, Orlando\",\"datePublished\":\"2021-10-13T15:15:20+00:00\",\"dateModified\":\"2021-10-13T15:43:00+00:00\",\"mainEntityOfPage\":{\"@id\":\"https:\/\/congressinterceei.com\/iaseie\/index.php\/2021\/10\/13\/iaseie-american-branch-na-florida-orlando\/\"},\"wordCount\":40,\"commentCount\":1,\"publisher\":{\"@id\":\"https:\/\/congressinterceei.com\/iaseie\/#organization\"},\"image\":{\"@id\":\"https:\/\/congressinterceei.com\/iaseie\/index.php\/2021\/10\/13\/iaseie-american-branch-na-florida-orlando\/#primaryimage\"},\"thumbnailUrl\":\"https:\/\/congressinterceei.com\/iaseie\/wp-content\/uploads\/2021\/10\/WhatsApp-Image-2021-10-08-at-12.37.40.jpeg\",\"keywords\":[\"Address\",\"Florida\",\"Orlando\",\"Sede\"],\"articleSection\":[\"News\"],\"inLanguage\":\"en-US\",\"potentialAction\":[{\"@type\":\"CommentAction\",\"name\":\"Comment\",\"target\":[\"https:\/\/congressinterceei.com\/iaseie\/index.php\/2021\/10\/13\/iaseie-american-branch-na-florida-orlando\/#respond\"]}]},{\"@type\":\"WebPage\",\"@id\":\"https:\/\/congressinterceei.com\/iaseie\/index.php\/2021\/10\/13\/iaseie-american-branch-na-florida-orlando\/\",\"url\":\"https:\/\/congressinterceei.com\/iaseie\/index.php\/2021\/10\/13\/iaseie-american-branch-na-florida-orlando\/\",\"name\":\"IASEIE AMERICAN BRANCH na Florida, Orlando - IASEIE\",\"isPartOf\":{\"@id\":\"https:\/\/congressinterceei.com\/iaseie\/#website\"},\"primaryImageOfPage\":{\"@id\":\"https:\/\/congressinterceei.com\/iaseie\/index.php\/2021\/10\/13\/iaseie-american-branch-na-florida-orlando\/#primaryimage\"},\"image\":{\"@id\":\"https:\/\/congressinterceei.com\/iaseie\/index.php\/2021\/10\/13\/iaseie-american-branch-na-florida-orlando\/#primaryimage\"},\"thumbnailUrl\":\"https:\/\/congressinterceei.com\/iaseie\/wp-content\/uploads\/2021\/10\/WhatsApp-Image-2021-10-08-at-12.37.40.jpeg\",\"datePublished\":\"2021-10-13T15:15:20+00:00\",\"dateModified\":\"2021-10-13T15:43:00+00:00\",\"breadcrumb\":{\"@id\":\"https:\/\/congressinterceei.com\/iaseie\/index.php\/2021\/10\/13\/iaseie-american-branch-na-florida-orlando\/#breadcrumb\"},\"inLanguage\":\"en-US\",\"potentialAction\":[{\"@type\":\"ReadAction\",\"target\":[\"https:\/\/congressinterceei.com\/iaseie\/index.php\/2021\/10\/13\/iaseie-american-branch-na-florida-orlando\/\"]}]},{\"@type\":\"ImageObject\",\"inLanguage\":\"en-US\",\"@id\":\"https:\/\/congressinterceei.com\/iaseie\/index.php\/2021\/10\/13\/iaseie-american-branch-na-florida-orlando\/#primaryimage\",\"url\":\"https:\/\/congressinterceei.com\/iaseie\/wp-content\/uploads\/2021\/10\/WhatsApp-Image-2021-10-08-at-12.37.40.jpeg\",\"contentUrl\":\"https:\/\/congressinterceei.com\/iaseie\/wp-content\/uploads\/2021\/10\/WhatsApp-Image-2021-10-08-at-12.37.40.jpeg\",\"width\":640,\"height\":581},{\"@type\":\"BreadcrumbList\",\"@id\":\"https:\/\/congressinterceei.com\/iaseie\/index.php\/2021\/10\/13\/iaseie-american-branch-na-florida-orlando\/#breadcrumb\",\"itemListElement\":[{\"@type\":\"ListItem\",\"position\":1,\"name\":\"Home\",\"item\":\"https:\/\/congressinterceei.com\/iaseie\/\"},{\"@type\":\"ListItem\",\"position\":2,\"name\":\"IASEIE AMERICAN BRANCH na Florida, Orlando\"}]},{\"@type\":\"WebSite\",\"@id\":\"https:\/\/congressinterceei.com\/iaseie\/#website\",\"url\":\"https:\/\/congressinterceei.com\/iaseie\/\",\"name\":\"IASEIE\",\"description\":\"THE INTERNACIONAL ASSOCIATION OF SCIENCE, ETHICS AND INTEGRATED EDUCATION\",\"publisher\":{\"@id\":\"https:\/\/congressinterceei.com\/iaseie\/#organization\"},\"potentialAction\":[{\"@type\":\"SearchAction\",\"target\":{\"@type\":\"EntryPoint\",\"urlTemplate\":\"https:\/\/congressinterceei.com\/iaseie\/?s={search_term_string}\"},\"query-input\":\"required name=search_term_string\"}],\"inLanguage\":\"en-US\"},{\"@type\":\"Organization\",\"@id\":\"https:\/\/congressinterceei.com\/iaseie\/#organization\",\"name\":\"IASEIE - THE INTERNACIONAL ASSOCIATION OF SCIENCE, ETHICS AND INTEGRATED EDUCATION\",\"url\":\"https:\/\/congressinterceei.com\/iaseie\/\",\"logo\":{\"@type\":\"ImageObject\",\"inLanguage\":\"en-US\",\"@id\":\"https:\/\/congressinterceei.com\/iaseie\/#\/schema\/logo\/image\/\",\"url\":\"https:\/\/congressinterceei.com\/iaseie\/wp-content\/uploads\/2019\/09\/logo_iaseie.png\",\"contentUrl\":\"https:\/\/congressinterceei.com\/iaseie\/wp-content\/uploads\/2019\/09\/logo_iaseie.png\",\"width\":820,\"height\":450,\"caption\":\"IASEIE - THE INTERNACIONAL ASSOCIATION OF SCIENCE, ETHICS AND INTEGRATED EDUCATION\"},\"image\":{\"@id\":\"https:\/\/congressinterceei.com\/iaseie\/#\/schema\/logo\/image\/\"},\"sameAs\":[\"https:\/\/www.facebook.com\/internationalaseieusa\/\",\"https:\/\/www.youtube.com\/channel\/UCJ7efGfZQHrdxLj4Jscu6Vg\",\"https:\/\/www.instagram.com\/iaseieinternacional\"]},{\"@type\":\"Person\",\"@id\":\"https:\/\/congressinterceei.com\/iaseie\/#\/schema\/person\/fe6662263455379bbf6ab12ad6411c90\",\"name\":\"Direto da Reda\u00e7\u00e3o\",\"image\":{\"@type\":\"ImageObject\",\"inLanguage\":\"en-US\",\"@id\":\"https:\/\/congressinterceei.com\/iaseie\/#\/schema\/person\/image\/\",\"url\":\"https:\/\/secure.gravatar.com\/avatar\/2496052b679cd00bc0c7ef16490273ae?s=96&d=mm&r=g\",\"contentUrl\":\"https:\/\/secure.gravatar.com\/avatar\/2496052b679cd00bc0c7ef16490273ae?s=96&d=mm&r=g\",\"caption\":\"Direto da Reda\u00e7\u00e3o\"},\"url\":\"https:\/\/congressinterceei.com\/iaseie\/index.php\/author\/congressinterceei\/\"}]}<\/script>\n<!-- \/ Yoast SEO plugin. -->","yoast_head_json":{"title":"IASEIE AMERICAN BRANCH na Florida, Orlando - IASEIE","robots":{"index":"index","follow":"follow","max-snippet":"max-snippet:-1","max-image-preview":"max-image-preview:large","max-video-preview":"max-video-preview:-1"},"canonical":"https:\/\/congressinterceei.com\/iaseie\/index.php\/2021\/10\/13\/iaseie-american-branch-na-florida-orlando\/","og_locale":"en_US","og_type":"article","og_title":"IASEIE AMERICAN BRANCH na Florida, Orlando - IASEIE","og_description":"EASY WORK SPACE &#8211; Sede f\u00edsica e virtual da IASEIE AMERICAN BRANCH na Florida em Orlando. 2295 S Hiawassee Rd &#8211; Suite 104. Orlando, FL &#8211; 32835 USA. Virtual Office Private Office Conference Room Meeting Room","og_url":"https:\/\/congressinterceei.com\/iaseie\/index.php\/2021\/10\/13\/iaseie-american-branch-na-florida-orlando\/","og_site_name":"IASEIE","article_publisher":"https:\/\/www.facebook.com\/internationalaseieusa\/","article_published_time":"2021-10-13T15:15:20+00:00","article_modified_time":"2021-10-13T15:43:00+00:00","og_image":[{"width":640,"height":581,"url":"https:\/\/congressinterceei.com\/iaseie\/wp-content\/uploads\/2021\/10\/WhatsApp-Image-2021-10-08-at-12.37.40.jpeg","type":"image\/jpeg"}],"author":"Direto da Reda\u00e7\u00e3o","twitter_card":"summary_large_image","twitter_misc":{"Written by":"Direto da Reda\u00e7\u00e3o"},"schema":{"@context":"https:\/\/schema.org","@graph":[{"@type":"Article","@id":"https:\/\/congressinterceei.com\/iaseie\/index.php\/2021\/10\/13\/iaseie-american-branch-na-florida-orlando\/#article","isPartOf":{"@id":"https:\/\/congressinterceei.com\/iaseie\/index.php\/2021\/10\/13\/iaseie-american-branch-na-florida-orlando\/"},"author":{"name":"Direto da Reda\u00e7\u00e3o","@id":"https:\/\/congressinterceei.com\/iaseie\/#\/schema\/person\/fe6662263455379bbf6ab12ad6411c90"},"headline":"IASEIE AMERICAN BRANCH na Florida, Orlando","datePublished":"2021-10-13T15:15:20+00:00","dateModified":"2021-10-13T15:43:00+00:00","mainEntityOfPage":{"@id":"https:\/\/congressinterceei.com\/iaseie\/index.php\/2021\/10\/13\/iaseie-american-branch-na-florida-orlando\/"},"wordCount":40,"commentCount":1,"publisher":{"@id":"https:\/\/congressinterceei.com\/iaseie\/#organization"},"image":{"@id":"https:\/\/congressinterceei.com\/iaseie\/index.php\/2021\/10\/13\/iaseie-american-branch-na-florida-orlando\/#primaryimage"},"thumbnailUrl":"https:\/\/congressinterceei.com\/iaseie\/wp-content\/uploads\/2021\/10\/WhatsApp-Image-2021-10-08-at-12.37.40.jpeg","keywords":["Address","Florida","Orlando","Sede"],"articleSection":["News"],"inLanguage":"en-US","potentialAction":[{"@type":"CommentAction","name":"Comment","target":["https:\/\/congressinterceei.com\/iaseie\/index.php\/2021\/10\/13\/iaseie-american-branch-na-florida-orlando\/#respond"]}]},{"@type":"WebPage","@id":"https:\/\/congressinterceei.com\/iaseie\/index.php\/2021\/10\/13\/iaseie-american-branch-na-florida-orlando\/","url":"https:\/\/congressinterceei.com\/iaseie\/index.php\/2021\/10\/13\/iaseie-american-branch-na-florida-orlando\/","name":"IASEIE AMERICAN BRANCH na Florida, Orlando - IASEIE","isPartOf":{"@id":"https:\/\/congressinterceei.com\/iaseie\/#website"},"primaryImageOfPage":{"@id":"https:\/\/congressinterceei.com\/iaseie\/index.php\/2021\/10\/13\/iaseie-american-branch-na-florida-orlando\/#primaryimage"},"image":{"@id":"https:\/\/congressinterceei.com\/iaseie\/index.php\/2021\/10\/13\/iaseie-american-branch-na-florida-orlando\/#primaryimage"},"thumbnailUrl":"https:\/\/congressinterceei.com\/iaseie\/wp-content\/uploads\/2021\/10\/WhatsApp-Image-2021-10-08-at-12.37.40.jpeg","datePublished":"2021-10-13T15:15:20+00:00","dateModified":"2021-10-13T15:43:00+00:00","breadcrumb":{"@id":"https:\/\/congressinterceei.com\/iaseie\/index.php\/2021\/10\/13\/iaseie-american-branch-na-florida-orlando\/#breadcrumb"},"inLanguage":"en-US","potentialAction":[{"@type":"ReadAction","target":["https:\/\/congressinterceei.com\/iaseie\/index.php\/2021\/10\/13\/iaseie-american-branch-na-florida-orlando\/"]}]},{"@type":"ImageObject","inLanguage":"en-US","@id":"https:\/\/congressinterceei.com\/iaseie\/index.php\/2021\/10\/13\/iaseie-american-branch-na-florida-orlando\/#primaryimage","url":"https:\/\/congressinterceei.com\/iaseie\/wp-content\/uploads\/2021\/10\/WhatsApp-Image-2021-10-08-at-12.37.40.jpeg","contentUrl":"https:\/\/congressinterceei.com\/iaseie\/wp-content\/uploads\/2021\/10\/WhatsApp-Image-2021-10-08-at-12.37.40.jpeg","width":640,"height":581},{"@type":"BreadcrumbList","@id":"https:\/\/congressinterceei.com\/iaseie\/index.php\/2021\/10\/13\/iaseie-american-branch-na-florida-orlando\/#breadcrumb","itemListElement":[{"@type":"ListItem","position":1,"name":"Home","item":"https:\/\/congressinterceei.com\/iaseie\/"},{"@type":"ListItem","position":2,"name":"IASEIE AMERICAN BRANCH na Florida, Orlando"}]},{"@type":"WebSite","@id":"https:\/\/congressinterceei.com\/iaseie\/#website","url":"https:\/\/congressinterceei.com\/iaseie\/","name":"IASEIE","description":"THE INTERNACIONAL ASSOCIATION OF SCIENCE, ETHICS AND INTEGRATED EDUCATION","publisher":{"@id":"https:\/\/congressinterceei.com\/iaseie\/#organization"},"potentialAction":[{"@type":"SearchAction","target":{"@type":"EntryPoint","urlTemplate":"https:\/\/congressinterceei.com\/iaseie\/?s={search_term_string}"},"query-input":"required name=search_term_string"}],"inLanguage":"en-US"},{"@type":"Organization","@id":"https:\/\/congressinterceei.com\/iaseie\/#organization","name":"IASEIE - THE INTERNACIONAL ASSOCIATION OF SCIENCE, ETHICS AND INTEGRATED EDUCATION","url":"https:\/\/congressinterceei.com\/iaseie\/","logo":{"@type":"ImageObject","inLanguage":"en-US","@id":"https:\/\/congressinterceei.com\/iaseie\/#\/schema\/logo\/image\/","url":"https:\/\/congressinterceei.com\/iaseie\/wp-content\/uploads\/2019\/09\/logo_iaseie.png","contentUrl":"https:\/\/congressinterceei.com\/iaseie\/wp-content\/uploads\/2019\/09\/logo_iaseie.png","width":820,"height":450,"caption":"IASEIE - THE INTERNACIONAL ASSOCIATION OF SCIENCE, ETHICS AND INTEGRATED EDUCATION"},"image":{"@id":"https:\/\/congressinterceei.com\/iaseie\/#\/schema\/logo\/image\/"},"sameAs":["https:\/\/www.facebook.com\/internationalaseieusa\/","https:\/\/www.youtube.com\/channel\/UCJ7efGfZQHrdxLj4Jscu6Vg","https:\/\/www.instagram.com\/iaseieinternacional"]},{"@type":"Person","@id":"https:\/\/congressinterceei.com\/iaseie\/#\/schema\/person\/fe6662263455379bbf6ab12ad6411c90","name":"Direto da Reda\u00e7\u00e3o","image":{"@type":"ImageObject","inLanguage":"en-US","@id":"https:\/\/congressinterceei.com\/iaseie\/#\/schema\/person\/image\/","url":"https:\/\/secure.gravatar.com\/avatar\/2496052b679cd00bc0c7ef16490273ae?s=96&d=mm&r=g","contentUrl":"https:\/\/secure.gravatar.com\/avatar\/2496052b679cd00bc0c7ef16490273ae?s=96&d=mm&r=g","caption":"Direto da Reda\u00e7\u00e3o"},"url":"https:\/\/congressinterceei.com\/iaseie\/index.php\/author\/congressinterceei\/"}]}},"_links":{"self":[{"href":"https:\/\/congressinterceei.com\/iaseie\/index.php\/wp-json\/wp\/v2\/posts\/1215"}],"collection":[{"href":"https:\/\/congressinterceei.com\/iaseie\/index.php\/wp-json\/wp\/v2\/posts"}],"about":[{"href":"https:\/\/congressinterceei.com\/iaseie\/index.php\/wp-json\/wp\/v2\/types\/post"}],"author":[{"embeddable":true,"href":"https:\/\/congressinterceei.com\/iaseie\/index.php\/wp-json\/wp\/v2\/users\/1"}],"replies":[{"embeddable":true,"href":"https:\/\/congressinterceei.com\/iaseie\/index.php\/wp-json\/wp\/v2\/comments?post=1215"}],"version-history":[{"count":5,"href":"https:\/\/congressinterceei.com\/iaseie\/index.php\/wp-json\/wp\/v2\/posts\/1215\/revisions"}],"predecessor-version":[{"id":1228,"href":"https:\/\/congressinterceei.com\/iaseie\/index.php\/wp-json\/wp\/v2\/posts\/1215\/revisions\/1228"}],"wp:featuredmedia":[{"embeddable":true,"href":"https:\/\/congressinterceei.com\/iaseie\/index.php\/wp-json\/wp\/v2\/media\/1216"}],"wp:attachment":[{"href":"https:\/\/congressinterceei.com\/iaseie\/index.php\/wp-json\/wp\/v2\/media?parent=1215"}],"wp:term":[{"taxonomy":"category","embeddable":true,"href":"https:\/\/congressinterceei.com\/iaseie\/index.php\/wp-json\/wp\/v2\/categories?post=1215"},{"taxonomy":"post_tag","embeddable":true,"href":"https:\/\/congressinterceei.com\/iaseie\/index.php\/wp-json\/wp\/v2\/tags?post=1215"}],"curies":[{"name":"wp","href":"https:\/\/api.w.org\/{rel}","templated":true}]}}