{"id":1237,"date":"2022-03-21T20:30:58","date_gmt":"2022-03-21T23:30:58","guid":{"rendered":"https:\/\/congressinterceei.com\/iaseie\/?p=1237"},"modified":"2022-03-21T20:34:27","modified_gmt":"2022-03-21T23:34:27","slug":"projeto-novo-desafio-revelando-o-potencial-adormecido-voce-se-conhece","status":"publish","type":"post","link":"https:\/\/congressinterceei.com\/iaseie\/index.php\/2022\/03\/21\/projeto-novo-desafio-revelando-o-potencial-adormecido-voce-se-conhece\/","title":{"rendered":"PROJETO NOVO DESAFIO &#8211; Revelando o potencial adormecido: Voc\u00ea se conhece?"},"content":{"rendered":"\n<p>A IASEIE est\u00e1  organizando um grupo de trabalho multiprofissional internacional, para destacar a a\u00e7\u00e3o integrada em projetos para transformar vidas, atrav\u00e9s de alian\u00e7as entre a IASEIE (Brasil \ud83c\udde7\ud83c\uddf7 Estados Unidos \ud83c\uddfa\ud83c\uddf8 Portugal \ud83c\uddf5\ud83c\uddf9).<br> <br> <\/p>\n\n\n\n<blockquote class=\"wp-block-quote is-layout-flow wp-block-quote-is-layout-flow\"><p><strong> \u201cConhece-te a ti mesmo\u201d (Fil\u00f3sofo grego Socrates, 400 anos a.C.). <\/strong><br> <br> <\/p><p><strong>\u201cPorque n\u00e3o h\u00e1 nada oculto que n\u00e3o venha a ser revelado, e nada escondido que n\u00e3o venha a ser conhecido\u201d (Jesus- Lucas 8:17).<\/strong><\/p><\/blockquote>\n\n\n\n<p><br>  <\/p>\n\n\n\n<ul><li>Dra. Gra\u00e7a Melo Araujo &#8211; Orlando Florida \ud83c\uddfa\ud83c\uddf8<\/li><li>Mauro Henrique &#8211; Orlando Florida \ud83c\uddfa\ud83c\uddf8<\/li><li>Michelle Suzuki &#8211; S\u00e3o Roque SP \ud83c\udde7\ud83c\uddf7<\/li><li>Michely Araujo &#8211; S\u00e3o Paulo SP \ud83c\udde7\ud83c\uddf7<\/li><li>Chris Pereira &#8211; Portim\u00e3o Portugal \ud83c\uddf5\ud83c\uddf9 <\/li><li>Patricia Feliciano &#8211; S\u00e3o Paulo SP \ud83c\udde7\ud83c\uddf7<\/li><li>Fernanda Feliciano &#8211; S\u00e3o Paulo SP \ud83c\udde7\ud83c\uddf7<\/li><li>Dra. Werenna Garcia &#8211; S\u00e3o Paulo SP \ud83c\udde7\ud83c\uddf7<\/li><li>Fabricia Alexandrino &#8211; S\u00e3o Paulo SP \ud83c\udde7\ud83c\uddf7<\/li><li>Ter\u00ea Lira &#8211; S\u00e3o Paulo SP \ud83c\udde7\ud83c\uddf7<\/li><li>Debora Pedrosa &#8211; S\u00e3o Paulo SP \ud83c\udde7\ud83c\uddf7<\/li><li>Geyse Alencar &#8211; S\u00e3o Paulo SP \ud83c\udde7\ud83c\uddf7<\/li><li>Michele Zanelli &#8211; S\u00e3o Paulo SP \ud83c\udde7\ud83c\uddf7<\/li><li>S\u00f4nia Reis &#8211; Woodbridge VIrginia \ud83c\uddfa\ud83c\uddf8<\/li><li>Jaja Filmes &#8211; Jailson Lopes &#8211; S\u00e3o Paulo SP \ud83c\udde7\ud83c\uddf7<\/li><\/ul>\n\n\n\n<p> <br> <\/p>\n","protected":false},"excerpt":{"rendered":"<p>A IASEIE est\u00e1 organizando um grupo de trabalho multiprofissional internacional, para destacar a a\u00e7\u00e3o integrada em projetos para transformar vidas, atrav\u00e9s de alian\u00e7as entre a IASEIE (Brasil \ud83c\udde7\ud83c\uddf7 Estados Unidos \ud83c\uddfa\ud83c\uddf8 Portugal \ud83c\uddf5\ud83c\uddf9). \u201cConhece-te a ti mesmo\u201d (Fil\u00f3sofo grego Socrates, 400 anos a.C.). \u201cPorque n\u00e3o h\u00e1 nada oculto que n\u00e3o venha a ser revelado, e nada escondido que n\u00e3o venha a ser conhecido\u201d (Jesus- Lucas 8:17). Dra. Gra\u00e7a Melo Araujo &#8211; Orlando Florida \ud83c\uddfa\ud83c\uddf8 Mauro Henrique &#8211; Orlando Florida \ud83c\uddfa\ud83c\uddf8 Michelle Suzuki &#8211; S\u00e3o Roque SP \ud83c\udde7\ud83c\uddf7 Michely Araujo &#8211; S\u00e3o Paulo SP \ud83c\udde7\ud83c\uddf7 Chris Pereira &#8211; Portim\u00e3o Portugal \ud83c\uddf5\ud83c\uddf9 Patricia Feliciano &#8211; S\u00e3o Paulo SP \ud83c\udde7\ud83c\uddf7 Fernanda Feliciano &#8211; S\u00e3o Paulo SP \ud83c\udde7\ud83c\uddf7 Dra. Werenna Garcia &#8211; S\u00e3o Paulo SP \ud83c\udde7\ud83c\uddf7 Fabricia Alexandrino &#8211; S\u00e3o Paulo SP \ud83c\udde7\ud83c\uddf7 Ter\u00ea Lira &#8211; S\u00e3o Paulo SP \ud83c\udde7\ud83c\uddf7 Debora Pedrosa &#8211; S\u00e3o Paulo SP \ud83c\udde7\ud83c\uddf7 Geyse Alencar &#8211; S\u00e3o Paulo SP \ud83c\udde7\ud83c\uddf7 Michele Zanelli &#8211; S\u00e3o Paulo SP \ud83c\udde7\ud83c\uddf7 S\u00f4nia Reis &#8211; Woodbridge VIrginia \ud83c\uddfa\ud83c\uddf8 Jaja Filmes &#8211; Jailson Lopes &#8211; S\u00e3o Paulo SP \ud83c\udde7\ud83c\uddf7<\/p>\n","protected":false},"author":1,"featured_media":1244,"comment_status":"open","ping_status":"open","sticky":false,"template":"","format":"standard","meta":{"footnotes":""},"categories":[2],"tags":[124,125,122,120,121,123,126],"yoast_head":"<!-- This site is optimized with the Yoast SEO plugin v22.6 - https:\/\/yoast.com\/wordpress\/plugins\/seo\/ -->\n<title>PROJETO NOVO DESAFIO - Revelando o potencial adormecido: Voc\u00ea se conhece? - IASEIE<\/title>\n<meta name=\"robots\" content=\"index, follow, max-snippet:-1, max-image-preview:large, max-video-preview:-1\" \/>\n<link rel=\"canonical\" href=\"https:\/\/congressinterceei.com\/iaseie\/index.php\/2022\/03\/21\/projeto-novo-desafio-revelando-o-potencial-adormecido-voce-se-conhece\/\" \/>\n<meta property=\"og:locale\" content=\"en_US\" \/>\n<meta property=\"og:type\" content=\"article\" \/>\n<meta property=\"og:title\" content=\"PROJETO NOVO DESAFIO - Revelando o potencial adormecido: Voc\u00ea se conhece? - IASEIE\" \/>\n<meta property=\"og:description\" content=\"A IASEIE est\u00e1 organizando um grupo de trabalho multiprofissional internacional, para destacar a a\u00e7\u00e3o integrada em projetos para transformar vidas, atrav\u00e9s de alian\u00e7as entre a IASEIE (Brasil \ud83c\udde7\ud83c\uddf7 Estados Unidos \ud83c\uddfa\ud83c\uddf8 Portugal \ud83c\uddf5\ud83c\uddf9). \u201cConhece-te a ti mesmo\u201d (Fil\u00f3sofo grego Socrates, 400 anos a.C.). \u201cPorque n\u00e3o h\u00e1 nada oculto que n\u00e3o venha a ser revelado, e nada escondido que n\u00e3o venha a ser conhecido\u201d (Jesus- Lucas 8:17). Dra. Gra\u00e7a Melo Araujo &#8211; Orlando Florida \ud83c\uddfa\ud83c\uddf8 Mauro Henrique &#8211; Orlando Florida \ud83c\uddfa\ud83c\uddf8 Michelle Suzuki &#8211; S\u00e3o Roque SP \ud83c\udde7\ud83c\uddf7 Michely Araujo &#8211; S\u00e3o Paulo SP \ud83c\udde7\ud83c\uddf7 Chris Pereira &#8211; Portim\u00e3o Portugal \ud83c\uddf5\ud83c\uddf9 Patricia Feliciano &#8211; S\u00e3o Paulo SP \ud83c\udde7\ud83c\uddf7 Fernanda Feliciano &#8211; S\u00e3o Paulo SP \ud83c\udde7\ud83c\uddf7 Dra. Werenna Garcia &#8211; S\u00e3o Paulo SP \ud83c\udde7\ud83c\uddf7 Fabricia Alexandrino &#8211; S\u00e3o Paulo SP \ud83c\udde7\ud83c\uddf7 Ter\u00ea Lira &#8211; S\u00e3o Paulo SP \ud83c\udde7\ud83c\uddf7 Debora Pedrosa &#8211; S\u00e3o Paulo SP \ud83c\udde7\ud83c\uddf7 Geyse Alencar &#8211; S\u00e3o Paulo SP \ud83c\udde7\ud83c\uddf7 Michele Zanelli &#8211; S\u00e3o Paulo SP \ud83c\udde7\ud83c\uddf7 S\u00f4nia Reis &#8211; Woodbridge VIrginia \ud83c\uddfa\ud83c\uddf8 Jaja Filmes &#8211; Jailson Lopes &#8211; S\u00e3o Paulo SP \ud83c\udde7\ud83c\uddf7\" \/>\n<meta property=\"og:url\" content=\"https:\/\/congressinterceei.com\/iaseie\/index.php\/2022\/03\/21\/projeto-novo-desafio-revelando-o-potencial-adormecido-voce-se-conhece\/\" \/>\n<meta property=\"og:site_name\" content=\"IASEIE\" \/>\n<meta property=\"article:publisher\" content=\"https:\/\/www.facebook.com\/internationalaseieusa\/\" \/>\n<meta property=\"article:published_time\" content=\"2022-03-21T23:30:58+00:00\" \/>\n<meta property=\"article:modified_time\" content=\"2022-03-21T23:34:27+00:00\" \/>\n<meta property=\"og:image\" content=\"https:\/\/congressinterceei.com\/iaseie\/wp-content\/uploads\/2022\/03\/Untitled-1.jpg\" \/>\n\t<meta property=\"og:image:width\" content=\"1280\" \/>\n\t<meta property=\"og:image:height\" content=\"721\" \/>\n\t<meta property=\"og:image:type\" content=\"image\/jpeg\" \/>\n<meta name=\"author\" content=\"Direto da Reda\u00e7\u00e3o\" \/>\n<meta name=\"twitter:card\" content=\"summary_large_image\" \/>\n<meta name=\"twitter:label1\" content=\"Written by\" \/>\n\t<meta name=\"twitter:data1\" content=\"Direto da Reda\u00e7\u00e3o\" \/>\n\t<meta name=\"twitter:label2\" content=\"Est. reading time\" \/>\n\t<meta name=\"twitter:data2\" content=\"1 minute\" \/>\n<script type=\"application\/ld+json\" class=\"yoast-schema-graph\">{\"@context\":\"https:\/\/schema.org\",\"@graph\":[{\"@type\":\"Article\",\"@id\":\"https:\/\/congressinterceei.com\/iaseie\/index.php\/2022\/03\/21\/projeto-novo-desafio-revelando-o-potencial-adormecido-voce-se-conhece\/#article\",\"isPartOf\":{\"@id\":\"https:\/\/congressinterceei.com\/iaseie\/index.php\/2022\/03\/21\/projeto-novo-desafio-revelando-o-potencial-adormecido-voce-se-conhece\/\"},\"author\":{\"name\":\"Direto da Reda\u00e7\u00e3o\",\"@id\":\"https:\/\/congressinterceei.com\/iaseie\/#\/schema\/person\/fe6662263455379bbf6ab12ad6411c90\"},\"headline\":\"PROJETO NOVO DESAFIO &#8211; Revelando o potencial adormecido: Voc\u00ea se conhece?\",\"datePublished\":\"2022-03-21T23:30:58+00:00\",\"dateModified\":\"2022-03-21T23:34:27+00:00\",\"mainEntityOfPage\":{\"@id\":\"https:\/\/congressinterceei.com\/iaseie\/index.php\/2022\/03\/21\/projeto-novo-desafio-revelando-o-potencial-adormecido-voce-se-conhece\/\"},\"wordCount\":186,\"commentCount\":0,\"publisher\":{\"@id\":\"https:\/\/congressinterceei.com\/iaseie\/#organization\"},\"image\":{\"@id\":\"https:\/\/congressinterceei.com\/iaseie\/index.php\/2022\/03\/21\/projeto-novo-desafio-revelando-o-potencial-adormecido-voce-se-conhece\/#primaryimage\"},\"thumbnailUrl\":\"https:\/\/congressinterceei.com\/iaseie\/wp-content\/uploads\/2022\/03\/Untitled-1.jpg\",\"keywords\":[\"Jesus\",\"Lucas\",\"Potencial Adormecido\",\"PROJETO NOVO DESAFIO\",\"Revelando\",\"S\u00f3crates\",\"Transformar Vidas\"],\"articleSection\":[\"News\"],\"inLanguage\":\"en-US\",\"potentialAction\":[{\"@type\":\"CommentAction\",\"name\":\"Comment\",\"target\":[\"https:\/\/congressinterceei.com\/iaseie\/index.php\/2022\/03\/21\/projeto-novo-desafio-revelando-o-potencial-adormecido-voce-se-conhece\/#respond\"]}]},{\"@type\":\"WebPage\",\"@id\":\"https:\/\/congressinterceei.com\/iaseie\/index.php\/2022\/03\/21\/projeto-novo-desafio-revelando-o-potencial-adormecido-voce-se-conhece\/\",\"url\":\"https:\/\/congressinterceei.com\/iaseie\/index.php\/2022\/03\/21\/projeto-novo-desafio-revelando-o-potencial-adormecido-voce-se-conhece\/\",\"name\":\"PROJETO NOVO DESAFIO - Revelando o potencial adormecido: Voc\u00ea se conhece? - IASEIE\",\"isPartOf\":{\"@id\":\"https:\/\/congressinterceei.com\/iaseie\/#website\"},\"primaryImageOfPage\":{\"@id\":\"https:\/\/congressinterceei.com\/iaseie\/index.php\/2022\/03\/21\/projeto-novo-desafio-revelando-o-potencial-adormecido-voce-se-conhece\/#primaryimage\"},\"image\":{\"@id\":\"https:\/\/congressinterceei.com\/iaseie\/index.php\/2022\/03\/21\/projeto-novo-desafio-revelando-o-potencial-adormecido-voce-se-conhece\/#primaryimage\"},\"thumbnailUrl\":\"https:\/\/congressinterceei.com\/iaseie\/wp-content\/uploads\/2022\/03\/Untitled-1.jpg\",\"datePublished\":\"2022-03-21T23:30:58+00:00\",\"dateModified\":\"2022-03-21T23:34:27+00:00\",\"breadcrumb\":{\"@id\":\"https:\/\/congressinterceei.com\/iaseie\/index.php\/2022\/03\/21\/projeto-novo-desafio-revelando-o-potencial-adormecido-voce-se-conhece\/#breadcrumb\"},\"inLanguage\":\"en-US\",\"potentialAction\":[{\"@type\":\"ReadAction\",\"target\":[\"https:\/\/congressinterceei.com\/iaseie\/index.php\/2022\/03\/21\/projeto-novo-desafio-revelando-o-potencial-adormecido-voce-se-conhece\/\"]}]},{\"@type\":\"ImageObject\",\"inLanguage\":\"en-US\",\"@id\":\"https:\/\/congressinterceei.com\/iaseie\/index.php\/2022\/03\/21\/projeto-novo-desafio-revelando-o-potencial-adormecido-voce-se-conhece\/#primaryimage\",\"url\":\"https:\/\/congressinterceei.com\/iaseie\/wp-content\/uploads\/2022\/03\/Untitled-1.jpg\",\"contentUrl\":\"https:\/\/congressinterceei.com\/iaseie\/wp-content\/uploads\/2022\/03\/Untitled-1.jpg\",\"width\":1280,\"height\":721},{\"@type\":\"BreadcrumbList\",\"@id\":\"https:\/\/congressinterceei.com\/iaseie\/index.php\/2022\/03\/21\/projeto-novo-desafio-revelando-o-potencial-adormecido-voce-se-conhece\/#breadcrumb\",\"itemListElement\":[{\"@type\":\"ListItem\",\"position\":1,\"name\":\"Home\",\"item\":\"https:\/\/congressinterceei.com\/iaseie\/\"},{\"@type\":\"ListItem\",\"position\":2,\"name\":\"PROJETO NOVO DESAFIO &#8211; Revelando o potencial adormecido: Voc\u00ea se conhece?\"}]},{\"@type\":\"WebSite\",\"@id\":\"https:\/\/congressinterceei.com\/iaseie\/#website\",\"url\":\"https:\/\/congressinterceei.com\/iaseie\/\",\"name\":\"IASEIE\",\"description\":\"THE INTERNACIONAL ASSOCIATION OF SCIENCE, ETHICS AND INTEGRATED EDUCATION\",\"publisher\":{\"@id\":\"https:\/\/congressinterceei.com\/iaseie\/#organization\"},\"potentialAction\":[{\"@type\":\"SearchAction\",\"target\":{\"@type\":\"EntryPoint\",\"urlTemplate\":\"https:\/\/congressinterceei.com\/iaseie\/?s={search_term_string}\"},\"query-input\":\"required name=search_term_string\"}],\"inLanguage\":\"en-US\"},{\"@type\":\"Organization\",\"@id\":\"https:\/\/congressinterceei.com\/iaseie\/#organization\",\"name\":\"IASEIE - THE INTERNACIONAL ASSOCIATION OF SCIENCE, ETHICS AND INTEGRATED EDUCATION\",\"url\":\"https:\/\/congressinterceei.com\/iaseie\/\",\"logo\":{\"@type\":\"ImageObject\",\"inLanguage\":\"en-US\",\"@id\":\"https:\/\/congressinterceei.com\/iaseie\/#\/schema\/logo\/image\/\",\"url\":\"https:\/\/congressinterceei.com\/iaseie\/wp-content\/uploads\/2019\/09\/logo_iaseie.png\",\"contentUrl\":\"https:\/\/congressinterceei.com\/iaseie\/wp-content\/uploads\/2019\/09\/logo_iaseie.png\",\"width\":820,\"height\":450,\"caption\":\"IASEIE - THE INTERNACIONAL ASSOCIATION OF SCIENCE, ETHICS AND INTEGRATED EDUCATION\"},\"image\":{\"@id\":\"https:\/\/congressinterceei.com\/iaseie\/#\/schema\/logo\/image\/\"},\"sameAs\":[\"https:\/\/www.facebook.com\/internationalaseieusa\/\",\"https:\/\/www.youtube.com\/channel\/UCJ7efGfZQHrdxLj4Jscu6Vg\",\"https:\/\/www.instagram.com\/iaseieinternacional\"]},{\"@type\":\"Person\",\"@id\":\"https:\/\/congressinterceei.com\/iaseie\/#\/schema\/person\/fe6662263455379bbf6ab12ad6411c90\",\"name\":\"Direto da Reda\u00e7\u00e3o\",\"image\":{\"@type\":\"ImageObject\",\"inLanguage\":\"en-US\",\"@id\":\"https:\/\/congressinterceei.com\/iaseie\/#\/schema\/person\/image\/\",\"url\":\"https:\/\/secure.gravatar.com\/avatar\/2496052b679cd00bc0c7ef16490273ae?s=96&d=mm&r=g\",\"contentUrl\":\"https:\/\/secure.gravatar.com\/avatar\/2496052b679cd00bc0c7ef16490273ae?s=96&d=mm&r=g\",\"caption\":\"Direto da Reda\u00e7\u00e3o\"},\"url\":\"https:\/\/congressinterceei.com\/iaseie\/index.php\/author\/congressinterceei\/\"}]}<\/script>\n<!-- \/ Yoast SEO plugin. -->","yoast_head_json":{"title":"PROJETO NOVO DESAFIO - Revelando o potencial adormecido: Voc\u00ea se conhece? - IASEIE","robots":{"index":"index","follow":"follow","max-snippet":"max-snippet:-1","max-image-preview":"max-image-preview:large","max-video-preview":"max-video-preview:-1"},"canonical":"https:\/\/congressinterceei.com\/iaseie\/index.php\/2022\/03\/21\/projeto-novo-desafio-revelando-o-potencial-adormecido-voce-se-conhece\/","og_locale":"en_US","og_type":"article","og_title":"PROJETO NOVO DESAFIO - Revelando o potencial adormecido: Voc\u00ea se conhece? - IASEIE","og_description":"A IASEIE est\u00e1 organizando um grupo de trabalho multiprofissional internacional, para destacar a a\u00e7\u00e3o integrada em projetos para transformar vidas, atrav\u00e9s de alian\u00e7as entre a IASEIE (Brasil \ud83c\udde7\ud83c\uddf7 Estados Unidos \ud83c\uddfa\ud83c\uddf8 Portugal \ud83c\uddf5\ud83c\uddf9). \u201cConhece-te a ti mesmo\u201d (Fil\u00f3sofo grego Socrates, 400 anos a.C.). \u201cPorque n\u00e3o h\u00e1 nada oculto que n\u00e3o venha a ser revelado, e nada escondido que n\u00e3o venha a ser conhecido\u201d (Jesus- Lucas 8:17). Dra. Gra\u00e7a Melo Araujo &#8211; Orlando Florida \ud83c\uddfa\ud83c\uddf8 Mauro Henrique &#8211; Orlando Florida \ud83c\uddfa\ud83c\uddf8 Michelle Suzuki &#8211; S\u00e3o Roque SP \ud83c\udde7\ud83c\uddf7 Michely Araujo &#8211; S\u00e3o Paulo SP \ud83c\udde7\ud83c\uddf7 Chris Pereira &#8211; Portim\u00e3o Portugal \ud83c\uddf5\ud83c\uddf9 Patricia Feliciano &#8211; S\u00e3o Paulo SP \ud83c\udde7\ud83c\uddf7 Fernanda Feliciano &#8211; S\u00e3o Paulo SP \ud83c\udde7\ud83c\uddf7 Dra. Werenna Garcia &#8211; S\u00e3o Paulo SP \ud83c\udde7\ud83c\uddf7 Fabricia Alexandrino &#8211; S\u00e3o Paulo SP \ud83c\udde7\ud83c\uddf7 Ter\u00ea Lira &#8211; S\u00e3o Paulo SP \ud83c\udde7\ud83c\uddf7 Debora Pedrosa &#8211; S\u00e3o Paulo SP \ud83c\udde7\ud83c\uddf7 Geyse Alencar &#8211; S\u00e3o Paulo SP \ud83c\udde7\ud83c\uddf7 Michele Zanelli &#8211; S\u00e3o Paulo SP \ud83c\udde7\ud83c\uddf7 S\u00f4nia Reis &#8211; Woodbridge VIrginia \ud83c\uddfa\ud83c\uddf8 Jaja Filmes &#8211; Jailson Lopes &#8211; S\u00e3o Paulo SP \ud83c\udde7\ud83c\uddf7","og_url":"https:\/\/congressinterceei.com\/iaseie\/index.php\/2022\/03\/21\/projeto-novo-desafio-revelando-o-potencial-adormecido-voce-se-conhece\/","og_site_name":"IASEIE","article_publisher":"https:\/\/www.facebook.com\/internationalaseieusa\/","article_published_time":"2022-03-21T23:30:58+00:00","article_modified_time":"2022-03-21T23:34:27+00:00","og_image":[{"width":1280,"height":721,"url":"https:\/\/congressinterceei.com\/iaseie\/wp-content\/uploads\/2022\/03\/Untitled-1.jpg","type":"image\/jpeg"}],"author":"Direto da Reda\u00e7\u00e3o","twitter_card":"summary_large_image","twitter_misc":{"Written by":"Direto da Reda\u00e7\u00e3o","Est. reading time":"1 minute"},"schema":{"@context":"https:\/\/schema.org","@graph":[{"@type":"Article","@id":"https:\/\/congressinterceei.com\/iaseie\/index.php\/2022\/03\/21\/projeto-novo-desafio-revelando-o-potencial-adormecido-voce-se-conhece\/#article","isPartOf":{"@id":"https:\/\/congressinterceei.com\/iaseie\/index.php\/2022\/03\/21\/projeto-novo-desafio-revelando-o-potencial-adormecido-voce-se-conhece\/"},"author":{"name":"Direto da Reda\u00e7\u00e3o","@id":"https:\/\/congressinterceei.com\/iaseie\/#\/schema\/person\/fe6662263455379bbf6ab12ad6411c90"},"headline":"PROJETO NOVO DESAFIO &#8211; Revelando o potencial adormecido: Voc\u00ea se conhece?","datePublished":"2022-03-21T23:30:58+00:00","dateModified":"2022-03-21T23:34:27+00:00","mainEntityOfPage":{"@id":"https:\/\/congressinterceei.com\/iaseie\/index.php\/2022\/03\/21\/projeto-novo-desafio-revelando-o-potencial-adormecido-voce-se-conhece\/"},"wordCount":186,"commentCount":0,"publisher":{"@id":"https:\/\/congressinterceei.com\/iaseie\/#organization"},"image":{"@id":"https:\/\/congressinterceei.com\/iaseie\/index.php\/2022\/03\/21\/projeto-novo-desafio-revelando-o-potencial-adormecido-voce-se-conhece\/#primaryimage"},"thumbnailUrl":"https:\/\/congressinterceei.com\/iaseie\/wp-content\/uploads\/2022\/03\/Untitled-1.jpg","keywords":["Jesus","Lucas","Potencial Adormecido","PROJETO NOVO DESAFIO","Revelando","S\u00f3crates","Transformar Vidas"],"articleSection":["News"],"inLanguage":"en-US","potentialAction":[{"@type":"CommentAction","name":"Comment","target":["https:\/\/congressinterceei.com\/iaseie\/index.php\/2022\/03\/21\/projeto-novo-desafio-revelando-o-potencial-adormecido-voce-se-conhece\/#respond"]}]},{"@type":"WebPage","@id":"https:\/\/congressinterceei.com\/iaseie\/index.php\/2022\/03\/21\/projeto-novo-desafio-revelando-o-potencial-adormecido-voce-se-conhece\/","url":"https:\/\/congressinterceei.com\/iaseie\/index.php\/2022\/03\/21\/projeto-novo-desafio-revelando-o-potencial-adormecido-voce-se-conhece\/","name":"PROJETO NOVO DESAFIO - Revelando o potencial adormecido: Voc\u00ea se conhece? - IASEIE","isPartOf":{"@id":"https:\/\/congressinterceei.com\/iaseie\/#website"},"primaryImageOfPage":{"@id":"https:\/\/congressinterceei.com\/iaseie\/index.php\/2022\/03\/21\/projeto-novo-desafio-revelando-o-potencial-adormecido-voce-se-conhece\/#primaryimage"},"image":{"@id":"https:\/\/congressinterceei.com\/iaseie\/index.php\/2022\/03\/21\/projeto-novo-desafio-revelando-o-potencial-adormecido-voce-se-conhece\/#primaryimage"},"thumbnailUrl":"https:\/\/congressinterceei.com\/iaseie\/wp-content\/uploads\/2022\/03\/Untitled-1.jpg","datePublished":"2022-03-21T23:30:58+00:00","dateModified":"2022-03-21T23:34:27+00:00","breadcrumb":{"@id":"https:\/\/congressinterceei.com\/iaseie\/index.php\/2022\/03\/21\/projeto-novo-desafio-revelando-o-potencial-adormecido-voce-se-conhece\/#breadcrumb"},"inLanguage":"en-US","potentialAction":[{"@type":"ReadAction","target":["https:\/\/congressinterceei.com\/iaseie\/index.php\/2022\/03\/21\/projeto-novo-desafio-revelando-o-potencial-adormecido-voce-se-conhece\/"]}]},{"@type":"ImageObject","inLanguage":"en-US","@id":"https:\/\/congressinterceei.com\/iaseie\/index.php\/2022\/03\/21\/projeto-novo-desafio-revelando-o-potencial-adormecido-voce-se-conhece\/#primaryimage","url":"https:\/\/congressinterceei.com\/iaseie\/wp-content\/uploads\/2022\/03\/Untitled-1.jpg","contentUrl":"https:\/\/congressinterceei.com\/iaseie\/wp-content\/uploads\/2022\/03\/Untitled-1.jpg","width":1280,"height":721},{"@type":"BreadcrumbList","@id":"https:\/\/congressinterceei.com\/iaseie\/index.php\/2022\/03\/21\/projeto-novo-desafio-revelando-o-potencial-adormecido-voce-se-conhece\/#breadcrumb","itemListElement":[{"@type":"ListItem","position":1,"name":"Home","item":"https:\/\/congressinterceei.com\/iaseie\/"},{"@type":"ListItem","position":2,"name":"PROJETO NOVO DESAFIO &#8211; Revelando o potencial adormecido: Voc\u00ea se conhece?"}]},{"@type":"WebSite","@id":"https:\/\/congressinterceei.com\/iaseie\/#website","url":"https:\/\/congressinterceei.com\/iaseie\/","name":"IASEIE","description":"THE INTERNACIONAL ASSOCIATION OF SCIENCE, ETHICS AND INTEGRATED EDUCATION","publisher":{"@id":"https:\/\/congressinterceei.com\/iaseie\/#organization"},"potentialAction":[{"@type":"SearchAction","target":{"@type":"EntryPoint","urlTemplate":"https:\/\/congressinterceei.com\/iaseie\/?s={search_term_string}"},"query-input":"required name=search_term_string"}],"inLanguage":"en-US"},{"@type":"Organization","@id":"https:\/\/congressinterceei.com\/iaseie\/#organization","name":"IASEIE - THE INTERNACIONAL ASSOCIATION OF SCIENCE, ETHICS AND INTEGRATED EDUCATION","url":"https:\/\/congressinterceei.com\/iaseie\/","logo":{"@type":"ImageObject","inLanguage":"en-US","@id":"https:\/\/congressinterceei.com\/iaseie\/#\/schema\/logo\/image\/","url":"https:\/\/congressinterceei.com\/iaseie\/wp-content\/uploads\/2019\/09\/logo_iaseie.png","contentUrl":"https:\/\/congressinterceei.com\/iaseie\/wp-content\/uploads\/2019\/09\/logo_iaseie.png","width":820,"height":450,"caption":"IASEIE - THE INTERNACIONAL ASSOCIATION OF SCIENCE, ETHICS AND INTEGRATED EDUCATION"},"image":{"@id":"https:\/\/congressinterceei.com\/iaseie\/#\/schema\/logo\/image\/"},"sameAs":["https:\/\/www.facebook.com\/internationalaseieusa\/","https:\/\/www.youtube.com\/channel\/UCJ7efGfZQHrdxLj4Jscu6Vg","https:\/\/www.instagram.com\/iaseieinternacional"]},{"@type":"Person","@id":"https:\/\/congressinterceei.com\/iaseie\/#\/schema\/person\/fe6662263455379bbf6ab12ad6411c90","name":"Direto da Reda\u00e7\u00e3o","image":{"@type":"ImageObject","inLanguage":"en-US","@id":"https:\/\/congressinterceei.com\/iaseie\/#\/schema\/person\/image\/","url":"https:\/\/secure.gravatar.com\/avatar\/2496052b679cd00bc0c7ef16490273ae?s=96&d=mm&r=g","contentUrl":"https:\/\/secure.gravatar.com\/avatar\/2496052b679cd00bc0c7ef16490273ae?s=96&d=mm&r=g","caption":"Direto da Reda\u00e7\u00e3o"},"url":"https:\/\/congressinterceei.com\/iaseie\/index.php\/author\/congressinterceei\/"}]}},"_links":{"self":[{"href":"https:\/\/congressinterceei.com\/iaseie\/index.php\/wp-json\/wp\/v2\/posts\/1237"}],"collection":[{"href":"https:\/\/congressinterceei.com\/iaseie\/index.php\/wp-json\/wp\/v2\/posts"}],"about":[{"href":"https:\/\/congressinterceei.com\/iaseie\/index.php\/wp-json\/wp\/v2\/types\/post"}],"author":[{"embeddable":true,"href":"https:\/\/congressinterceei.com\/iaseie\/index.php\/wp-json\/wp\/v2\/users\/1"}],"replies":[{"embeddable":true,"href":"https:\/\/congressinterceei.com\/iaseie\/index.php\/wp-json\/wp\/v2\/comments?post=1237"}],"version-history":[{"count":9,"href":"https:\/\/congressinterceei.com\/iaseie\/index.php\/wp-json\/wp\/v2\/posts\/1237\/revisions"}],"predecessor-version":[{"id":1247,"href":"https:\/\/congressinterceei.com\/iaseie\/index.php\/wp-json\/wp\/v2\/posts\/1237\/revisions\/1247"}],"wp:featuredmedia":[{"embeddable":true,"href":"https:\/\/congressinterceei.com\/iaseie\/index.php\/wp-json\/wp\/v2\/media\/1244"}],"wp:attachment":[{"href":"https:\/\/congressinterceei.com\/iaseie\/index.php\/wp-json\/wp\/v2\/media?parent=1237"}],"wp:term":[{"taxonomy":"category","embeddable":true,"href":"https:\/\/congressinterceei.com\/iaseie\/index.php\/wp-json\/wp\/v2\/categories?post=1237"},{"taxonomy":"post_tag","embeddable":true,"href":"https:\/\/congressinterceei.com\/iaseie\/index.php\/wp-json\/wp\/v2\/tags?post=1237"}],"curies":[{"name":"wp","href":"https:\/\/api.w.org\/{rel}","templated":true}]}}