{"id":1366,"date":"2023-11-22T18:24:56","date_gmt":"2023-11-22T21:24:56","guid":{"rendered":"https:\/\/congressinterceei.com\/iaseie\/?p=1366"},"modified":"2023-12-28T11:38:48","modified_gmt":"2023-12-28T14:38:48","slug":"segunda-filial-americana-da-iaseie","status":"publish","type":"post","link":"https:\/\/congressinterceei.com\/iaseie\/index.php\/2023\/11\/22\/segunda-filial-americana-da-iaseie\/","title":{"rendered":"Segunda Filial Americana da IASEIE"},"content":{"rendered":"\n<p>Oficialmente Aprovada!  <br>No mesmo dia e m\u00eas do Anivers\u00e1rio de 13 anos da IASEIE INTERNATIONAL: 29 de Outubro de 2010 e 29 de Outubro de 2023.<\/p>\n\n\n\n<p class=\"has-text-color has-vivid-cyan-blue-color\"><strong>IASEIE INTERNATIONAL American Branch Florida, Orlando<\/strong><\/p>\n\n\n\n<p>Segunda Filial Americana da IASEIE &#8211; na Florida IASEIE, sede em Orlando- Aprovada! Outubro 29, 2023.<\/p>\n\n\n\n<p>Outubro 29, 2023 Anivers\u00e1rio de 13 anos da IASEIE INTERNATIONAL &#8211; Natal RN Brasil \ud83c\udde7\ud83c\uddf7 \ud83c\udf82 <br> (2010 &#8211; 2023). \ud83d\ude4f<\/p>\n\n\n\n<hr class=\"wp-block-separator\"\/>\n\n\n\n<div class=\"wp-block-image\"><figure class=\"aligncenter\"><img loading=\"lazy\" decoding=\"async\" width=\"751\" height=\"1024\" src=\"https:\/\/congressinterceei.com\/iaseie\/wp-content\/uploads\/2023\/11\/WhatsApp-Image-2023-11-21-at-11.06.34-751x1024.jpeg\" alt=\"\" class=\"wp-image-1367\" srcset=\"https:\/\/congressinterceei.com\/iaseie\/wp-content\/uploads\/2023\/11\/WhatsApp-Image-2023-11-21-at-11.06.34.jpeg 751w, https:\/\/congressinterceei.com\/iaseie\/wp-content\/uploads\/2023\/11\/WhatsApp-Image-2023-11-21-at-11.06.34-220x300.jpeg 220w\" sizes=\"(max-width: 751px) 100vw, 751px\" \/><\/figure><\/div>\n","protected":false},"excerpt":{"rendered":"<p>Oficialmente Aprovada! No mesmo dia e m\u00eas do Anivers\u00e1rio de 13 anos da IASEIE INTERNATIONAL: 29 de Outubro de 2010 e 29 de Outubro de 2023. IASEIE INTERNATIONAL American Branch Florida, Orlando Segunda Filial Americana da IASEIE &#8211; na Florida IASEIE, sede em Orlando- Aprovada! Outubro 29, 2023. Outubro 29, 2023 Anivers\u00e1rio de 13 anos da IASEIE INTERNATIONAL &#8211; Natal RN Brasil \ud83c\udde7\ud83c\uddf7 \ud83c\udf82 (2010 &#8211; 2023). \ud83d\ude4f<\/p>\n","protected":false},"author":1,"featured_media":1368,"comment_status":"open","ping_status":"open","sticky":false,"template":"","format":"standard","meta":{"footnotes":""},"categories":[2],"tags":[164,163,34,71,162],"yoast_head":"<!-- This site is optimized with the Yoast SEO plugin v22.6 - https:\/\/yoast.com\/wordpress\/plugins\/seo\/ -->\n<title>Segunda Filial Americana da IASEIE - IASEIE<\/title>\n<meta name=\"robots\" content=\"index, follow, max-snippet:-1, max-image-preview:large, max-video-preview:-1\" \/>\n<link rel=\"canonical\" href=\"https:\/\/congressinterceei.com\/iaseie\/index.php\/2023\/11\/22\/segunda-filial-americana-da-iaseie\/\" \/>\n<meta property=\"og:locale\" content=\"en_US\" \/>\n<meta property=\"og:type\" content=\"article\" \/>\n<meta property=\"og:title\" content=\"Segunda Filial Americana da IASEIE - IASEIE\" \/>\n<meta property=\"og:description\" content=\"Oficialmente Aprovada! No mesmo dia e m\u00eas do Anivers\u00e1rio de 13 anos da IASEIE INTERNATIONAL: 29 de Outubro de 2010 e 29 de Outubro de 2023. IASEIE INTERNATIONAL American Branch Florida, Orlando Segunda Filial Americana da IASEIE &#8211; na Florida IASEIE, sede em Orlando- Aprovada! Outubro 29, 2023. Outubro 29, 2023 Anivers\u00e1rio de 13 anos da IASEIE INTERNATIONAL &#8211; Natal RN Brasil \ud83c\udde7\ud83c\uddf7 \ud83c\udf82 (2010 &#8211; 2023). \ud83d\ude4f\" \/>\n<meta property=\"og:url\" content=\"https:\/\/congressinterceei.com\/iaseie\/index.php\/2023\/11\/22\/segunda-filial-americana-da-iaseie\/\" \/>\n<meta property=\"og:site_name\" content=\"IASEIE\" \/>\n<meta property=\"article:publisher\" content=\"https:\/\/www.facebook.com\/internationalaseieusa\/\" \/>\n<meta property=\"article:published_time\" content=\"2023-11-22T21:24:56+00:00\" \/>\n<meta property=\"article:modified_time\" content=\"2023-12-28T14:38:48+00:00\" \/>\n<meta property=\"og:image\" content=\"https:\/\/congressinterceei.com\/iaseie\/wp-content\/uploads\/2023\/11\/5289393.jpg\" \/>\n\t<meta property=\"og:image:width\" content=\"2000\" \/>\n\t<meta property=\"og:image:height\" content=\"1333\" \/>\n\t<meta property=\"og:image:type\" content=\"image\/jpeg\" \/>\n<meta name=\"author\" content=\"Direto da Reda\u00e7\u00e3o\" \/>\n<meta name=\"twitter:card\" content=\"summary_large_image\" \/>\n<meta name=\"twitter:label1\" content=\"Written by\" \/>\n\t<meta name=\"twitter:data1\" content=\"Direto da Reda\u00e7\u00e3o\" \/>\n<script type=\"application\/ld+json\" class=\"yoast-schema-graph\">{\"@context\":\"https:\/\/schema.org\",\"@graph\":[{\"@type\":\"Article\",\"@id\":\"https:\/\/congressinterceei.com\/iaseie\/index.php\/2023\/11\/22\/segunda-filial-americana-da-iaseie\/#article\",\"isPartOf\":{\"@id\":\"https:\/\/congressinterceei.com\/iaseie\/index.php\/2023\/11\/22\/segunda-filial-americana-da-iaseie\/\"},\"author\":{\"name\":\"Direto da Reda\u00e7\u00e3o\",\"@id\":\"https:\/\/congressinterceei.com\/iaseie\/#\/schema\/person\/fe6662263455379bbf6ab12ad6411c90\"},\"headline\":\"Segunda Filial Americana da IASEIE\",\"datePublished\":\"2023-11-22T21:24:56+00:00\",\"dateModified\":\"2023-12-28T14:38:48+00:00\",\"mainEntityOfPage\":{\"@id\":\"https:\/\/congressinterceei.com\/iaseie\/index.php\/2023\/11\/22\/segunda-filial-americana-da-iaseie\/\"},\"wordCount\":61,\"commentCount\":0,\"publisher\":{\"@id\":\"https:\/\/congressinterceei.com\/iaseie\/#organization\"},\"image\":{\"@id\":\"https:\/\/congressinterceei.com\/iaseie\/index.php\/2023\/11\/22\/segunda-filial-americana-da-iaseie\/#primaryimage\"},\"thumbnailUrl\":\"https:\/\/congressinterceei.com\/iaseie\/wp-content\/uploads\/2023\/11\/5289393.jpg\",\"keywords\":[\"13 anos\",\"Anivers\u00e1rio\",\"Florida\",\"Orlando\",\"Segunda Filial\"],\"articleSection\":[\"News\"],\"inLanguage\":\"en-US\",\"potentialAction\":[{\"@type\":\"CommentAction\",\"name\":\"Comment\",\"target\":[\"https:\/\/congressinterceei.com\/iaseie\/index.php\/2023\/11\/22\/segunda-filial-americana-da-iaseie\/#respond\"]}]},{\"@type\":\"WebPage\",\"@id\":\"https:\/\/congressinterceei.com\/iaseie\/index.php\/2023\/11\/22\/segunda-filial-americana-da-iaseie\/\",\"url\":\"https:\/\/congressinterceei.com\/iaseie\/index.php\/2023\/11\/22\/segunda-filial-americana-da-iaseie\/\",\"name\":\"Segunda Filial Americana da IASEIE - IASEIE\",\"isPartOf\":{\"@id\":\"https:\/\/congressinterceei.com\/iaseie\/#website\"},\"primaryImageOfPage\":{\"@id\":\"https:\/\/congressinterceei.com\/iaseie\/index.php\/2023\/11\/22\/segunda-filial-americana-da-iaseie\/#primaryimage\"},\"image\":{\"@id\":\"https:\/\/congressinterceei.com\/iaseie\/index.php\/2023\/11\/22\/segunda-filial-americana-da-iaseie\/#primaryimage\"},\"thumbnailUrl\":\"https:\/\/congressinterceei.com\/iaseie\/wp-content\/uploads\/2023\/11\/5289393.jpg\",\"datePublished\":\"2023-11-22T21:24:56+00:00\",\"dateModified\":\"2023-12-28T14:38:48+00:00\",\"breadcrumb\":{\"@id\":\"https:\/\/congressinterceei.com\/iaseie\/index.php\/2023\/11\/22\/segunda-filial-americana-da-iaseie\/#breadcrumb\"},\"inLanguage\":\"en-US\",\"potentialAction\":[{\"@type\":\"ReadAction\",\"target\":[\"https:\/\/congressinterceei.com\/iaseie\/index.php\/2023\/11\/22\/segunda-filial-americana-da-iaseie\/\"]}]},{\"@type\":\"ImageObject\",\"inLanguage\":\"en-US\",\"@id\":\"https:\/\/congressinterceei.com\/iaseie\/index.php\/2023\/11\/22\/segunda-filial-americana-da-iaseie\/#primaryimage\",\"url\":\"https:\/\/congressinterceei.com\/iaseie\/wp-content\/uploads\/2023\/11\/5289393.jpg\",\"contentUrl\":\"https:\/\/congressinterceei.com\/iaseie\/wp-content\/uploads\/2023\/11\/5289393.jpg\",\"width\":2000,\"height\":1333},{\"@type\":\"BreadcrumbList\",\"@id\":\"https:\/\/congressinterceei.com\/iaseie\/index.php\/2023\/11\/22\/segunda-filial-americana-da-iaseie\/#breadcrumb\",\"itemListElement\":[{\"@type\":\"ListItem\",\"position\":1,\"name\":\"Home\",\"item\":\"https:\/\/congressinterceei.com\/iaseie\/\"},{\"@type\":\"ListItem\",\"position\":2,\"name\":\"Segunda Filial Americana da IASEIE\"}]},{\"@type\":\"WebSite\",\"@id\":\"https:\/\/congressinterceei.com\/iaseie\/#website\",\"url\":\"https:\/\/congressinterceei.com\/iaseie\/\",\"name\":\"IASEIE\",\"description\":\"THE INTERNACIONAL ASSOCIATION OF SCIENCE, ETHICS AND INTEGRATED EDUCATION\",\"publisher\":{\"@id\":\"https:\/\/congressinterceei.com\/iaseie\/#organization\"},\"potentialAction\":[{\"@type\":\"SearchAction\",\"target\":{\"@type\":\"EntryPoint\",\"urlTemplate\":\"https:\/\/congressinterceei.com\/iaseie\/?s={search_term_string}\"},\"query-input\":\"required name=search_term_string\"}],\"inLanguage\":\"en-US\"},{\"@type\":\"Organization\",\"@id\":\"https:\/\/congressinterceei.com\/iaseie\/#organization\",\"name\":\"IASEIE - THE INTERNACIONAL ASSOCIATION OF SCIENCE, ETHICS AND INTEGRATED EDUCATION\",\"url\":\"https:\/\/congressinterceei.com\/iaseie\/\",\"logo\":{\"@type\":\"ImageObject\",\"inLanguage\":\"en-US\",\"@id\":\"https:\/\/congressinterceei.com\/iaseie\/#\/schema\/logo\/image\/\",\"url\":\"https:\/\/congressinterceei.com\/iaseie\/wp-content\/uploads\/2019\/09\/logo_iaseie.png\",\"contentUrl\":\"https:\/\/congressinterceei.com\/iaseie\/wp-content\/uploads\/2019\/09\/logo_iaseie.png\",\"width\":820,\"height\":450,\"caption\":\"IASEIE - THE INTERNACIONAL ASSOCIATION OF SCIENCE, ETHICS AND INTEGRATED EDUCATION\"},\"image\":{\"@id\":\"https:\/\/congressinterceei.com\/iaseie\/#\/schema\/logo\/image\/\"},\"sameAs\":[\"https:\/\/www.facebook.com\/internationalaseieusa\/\",\"https:\/\/www.youtube.com\/channel\/UCJ7efGfZQHrdxLj4Jscu6Vg\",\"https:\/\/www.instagram.com\/iaseieinternacional\"]},{\"@type\":\"Person\",\"@id\":\"https:\/\/congressinterceei.com\/iaseie\/#\/schema\/person\/fe6662263455379bbf6ab12ad6411c90\",\"name\":\"Direto da Reda\u00e7\u00e3o\",\"image\":{\"@type\":\"ImageObject\",\"inLanguage\":\"en-US\",\"@id\":\"https:\/\/congressinterceei.com\/iaseie\/#\/schema\/person\/image\/\",\"url\":\"https:\/\/secure.gravatar.com\/avatar\/2496052b679cd00bc0c7ef16490273ae?s=96&d=mm&r=g\",\"contentUrl\":\"https:\/\/secure.gravatar.com\/avatar\/2496052b679cd00bc0c7ef16490273ae?s=96&d=mm&r=g\",\"caption\":\"Direto da Reda\u00e7\u00e3o\"},\"url\":\"https:\/\/congressinterceei.com\/iaseie\/index.php\/author\/congressinterceei\/\"}]}<\/script>\n<!-- \/ Yoast SEO plugin. -->","yoast_head_json":{"title":"Segunda Filial Americana da IASEIE - IASEIE","robots":{"index":"index","follow":"follow","max-snippet":"max-snippet:-1","max-image-preview":"max-image-preview:large","max-video-preview":"max-video-preview:-1"},"canonical":"https:\/\/congressinterceei.com\/iaseie\/index.php\/2023\/11\/22\/segunda-filial-americana-da-iaseie\/","og_locale":"en_US","og_type":"article","og_title":"Segunda Filial Americana da IASEIE - IASEIE","og_description":"Oficialmente Aprovada! No mesmo dia e m\u00eas do Anivers\u00e1rio de 13 anos da IASEIE INTERNATIONAL: 29 de Outubro de 2010 e 29 de Outubro de 2023. IASEIE INTERNATIONAL American Branch Florida, Orlando Segunda Filial Americana da IASEIE &#8211; na Florida IASEIE, sede em Orlando- Aprovada! Outubro 29, 2023. Outubro 29, 2023 Anivers\u00e1rio de 13 anos da IASEIE INTERNATIONAL &#8211; Natal RN Brasil \ud83c\udde7\ud83c\uddf7 \ud83c\udf82 (2010 &#8211; 2023). \ud83d\ude4f","og_url":"https:\/\/congressinterceei.com\/iaseie\/index.php\/2023\/11\/22\/segunda-filial-americana-da-iaseie\/","og_site_name":"IASEIE","article_publisher":"https:\/\/www.facebook.com\/internationalaseieusa\/","article_published_time":"2023-11-22T21:24:56+00:00","article_modified_time":"2023-12-28T14:38:48+00:00","og_image":[{"width":2000,"height":1333,"url":"https:\/\/congressinterceei.com\/iaseie\/wp-content\/uploads\/2023\/11\/5289393.jpg","type":"image\/jpeg"}],"author":"Direto da Reda\u00e7\u00e3o","twitter_card":"summary_large_image","twitter_misc":{"Written by":"Direto da Reda\u00e7\u00e3o"},"schema":{"@context":"https:\/\/schema.org","@graph":[{"@type":"Article","@id":"https:\/\/congressinterceei.com\/iaseie\/index.php\/2023\/11\/22\/segunda-filial-americana-da-iaseie\/#article","isPartOf":{"@id":"https:\/\/congressinterceei.com\/iaseie\/index.php\/2023\/11\/22\/segunda-filial-americana-da-iaseie\/"},"author":{"name":"Direto da Reda\u00e7\u00e3o","@id":"https:\/\/congressinterceei.com\/iaseie\/#\/schema\/person\/fe6662263455379bbf6ab12ad6411c90"},"headline":"Segunda Filial Americana da IASEIE","datePublished":"2023-11-22T21:24:56+00:00","dateModified":"2023-12-28T14:38:48+00:00","mainEntityOfPage":{"@id":"https:\/\/congressinterceei.com\/iaseie\/index.php\/2023\/11\/22\/segunda-filial-americana-da-iaseie\/"},"wordCount":61,"commentCount":0,"publisher":{"@id":"https:\/\/congressinterceei.com\/iaseie\/#organization"},"image":{"@id":"https:\/\/congressinterceei.com\/iaseie\/index.php\/2023\/11\/22\/segunda-filial-americana-da-iaseie\/#primaryimage"},"thumbnailUrl":"https:\/\/congressinterceei.com\/iaseie\/wp-content\/uploads\/2023\/11\/5289393.jpg","keywords":["13 anos","Anivers\u00e1rio","Florida","Orlando","Segunda Filial"],"articleSection":["News"],"inLanguage":"en-US","potentialAction":[{"@type":"CommentAction","name":"Comment","target":["https:\/\/congressinterceei.com\/iaseie\/index.php\/2023\/11\/22\/segunda-filial-americana-da-iaseie\/#respond"]}]},{"@type":"WebPage","@id":"https:\/\/congressinterceei.com\/iaseie\/index.php\/2023\/11\/22\/segunda-filial-americana-da-iaseie\/","url":"https:\/\/congressinterceei.com\/iaseie\/index.php\/2023\/11\/22\/segunda-filial-americana-da-iaseie\/","name":"Segunda Filial Americana da IASEIE - IASEIE","isPartOf":{"@id":"https:\/\/congressinterceei.com\/iaseie\/#website"},"primaryImageOfPage":{"@id":"https:\/\/congressinterceei.com\/iaseie\/index.php\/2023\/11\/22\/segunda-filial-americana-da-iaseie\/#primaryimage"},"image":{"@id":"https:\/\/congressinterceei.com\/iaseie\/index.php\/2023\/11\/22\/segunda-filial-americana-da-iaseie\/#primaryimage"},"thumbnailUrl":"https:\/\/congressinterceei.com\/iaseie\/wp-content\/uploads\/2023\/11\/5289393.jpg","datePublished":"2023-11-22T21:24:56+00:00","dateModified":"2023-12-28T14:38:48+00:00","breadcrumb":{"@id":"https:\/\/congressinterceei.com\/iaseie\/index.php\/2023\/11\/22\/segunda-filial-americana-da-iaseie\/#breadcrumb"},"inLanguage":"en-US","potentialAction":[{"@type":"ReadAction","target":["https:\/\/congressinterceei.com\/iaseie\/index.php\/2023\/11\/22\/segunda-filial-americana-da-iaseie\/"]}]},{"@type":"ImageObject","inLanguage":"en-US","@id":"https:\/\/congressinterceei.com\/iaseie\/index.php\/2023\/11\/22\/segunda-filial-americana-da-iaseie\/#primaryimage","url":"https:\/\/congressinterceei.com\/iaseie\/wp-content\/uploads\/2023\/11\/5289393.jpg","contentUrl":"https:\/\/congressinterceei.com\/iaseie\/wp-content\/uploads\/2023\/11\/5289393.jpg","width":2000,"height":1333},{"@type":"BreadcrumbList","@id":"https:\/\/congressinterceei.com\/iaseie\/index.php\/2023\/11\/22\/segunda-filial-americana-da-iaseie\/#breadcrumb","itemListElement":[{"@type":"ListItem","position":1,"name":"Home","item":"https:\/\/congressinterceei.com\/iaseie\/"},{"@type":"ListItem","position":2,"name":"Segunda Filial Americana da IASEIE"}]},{"@type":"WebSite","@id":"https:\/\/congressinterceei.com\/iaseie\/#website","url":"https:\/\/congressinterceei.com\/iaseie\/","name":"IASEIE","description":"THE INTERNACIONAL ASSOCIATION OF SCIENCE, ETHICS AND INTEGRATED EDUCATION","publisher":{"@id":"https:\/\/congressinterceei.com\/iaseie\/#organization"},"potentialAction":[{"@type":"SearchAction","target":{"@type":"EntryPoint","urlTemplate":"https:\/\/congressinterceei.com\/iaseie\/?s={search_term_string}"},"query-input":"required name=search_term_string"}],"inLanguage":"en-US"},{"@type":"Organization","@id":"https:\/\/congressinterceei.com\/iaseie\/#organization","name":"IASEIE - THE INTERNACIONAL ASSOCIATION OF SCIENCE, ETHICS AND INTEGRATED EDUCATION","url":"https:\/\/congressinterceei.com\/iaseie\/","logo":{"@type":"ImageObject","inLanguage":"en-US","@id":"https:\/\/congressinterceei.com\/iaseie\/#\/schema\/logo\/image\/","url":"https:\/\/congressinterceei.com\/iaseie\/wp-content\/uploads\/2019\/09\/logo_iaseie.png","contentUrl":"https:\/\/congressinterceei.com\/iaseie\/wp-content\/uploads\/2019\/09\/logo_iaseie.png","width":820,"height":450,"caption":"IASEIE - THE INTERNACIONAL ASSOCIATION OF SCIENCE, ETHICS AND INTEGRATED EDUCATION"},"image":{"@id":"https:\/\/congressinterceei.com\/iaseie\/#\/schema\/logo\/image\/"},"sameAs":["https:\/\/www.facebook.com\/internationalaseieusa\/","https:\/\/www.youtube.com\/channel\/UCJ7efGfZQHrdxLj4Jscu6Vg","https:\/\/www.instagram.com\/iaseieinternacional"]},{"@type":"Person","@id":"https:\/\/congressinterceei.com\/iaseie\/#\/schema\/person\/fe6662263455379bbf6ab12ad6411c90","name":"Direto da Reda\u00e7\u00e3o","image":{"@type":"ImageObject","inLanguage":"en-US","@id":"https:\/\/congressinterceei.com\/iaseie\/#\/schema\/person\/image\/","url":"https:\/\/secure.gravatar.com\/avatar\/2496052b679cd00bc0c7ef16490273ae?s=96&d=mm&r=g","contentUrl":"https:\/\/secure.gravatar.com\/avatar\/2496052b679cd00bc0c7ef16490273ae?s=96&d=mm&r=g","caption":"Direto da Reda\u00e7\u00e3o"},"url":"https:\/\/congressinterceei.com\/iaseie\/index.php\/author\/congressinterceei\/"}]}},"_links":{"self":[{"href":"https:\/\/congressinterceei.com\/iaseie\/index.php\/wp-json\/wp\/v2\/posts\/1366"}],"collection":[{"href":"https:\/\/congressinterceei.com\/iaseie\/index.php\/wp-json\/wp\/v2\/posts"}],"about":[{"href":"https:\/\/congressinterceei.com\/iaseie\/index.php\/wp-json\/wp\/v2\/types\/post"}],"author":[{"embeddable":true,"href":"https:\/\/congressinterceei.com\/iaseie\/index.php\/wp-json\/wp\/v2\/users\/1"}],"replies":[{"embeddable":true,"href":"https:\/\/congressinterceei.com\/iaseie\/index.php\/wp-json\/wp\/v2\/comments?post=1366"}],"version-history":[{"count":7,"href":"https:\/\/congressinterceei.com\/iaseie\/index.php\/wp-json\/wp\/v2\/posts\/1366\/revisions"}],"predecessor-version":[{"id":1387,"href":"https:\/\/congressinterceei.com\/iaseie\/index.php\/wp-json\/wp\/v2\/posts\/1366\/revisions\/1387"}],"wp:featuredmedia":[{"embeddable":true,"href":"https:\/\/congressinterceei.com\/iaseie\/index.php\/wp-json\/wp\/v2\/media\/1368"}],"wp:attachment":[{"href":"https:\/\/congressinterceei.com\/iaseie\/index.php\/wp-json\/wp\/v2\/media?parent=1366"}],"wp:term":[{"taxonomy":"category","embeddable":true,"href":"https:\/\/congressinterceei.com\/iaseie\/index.php\/wp-json\/wp\/v2\/categories?post=1366"},{"taxonomy":"post_tag","embeddable":true,"href":"https:\/\/congressinterceei.com\/iaseie\/index.php\/wp-json\/wp\/v2\/tags?post=1366"}],"curies":[{"name":"wp","href":"https:\/\/api.w.org\/{rel}","templated":true}]}}