{"id":1388,"date":"2023-12-28T11:51:32","date_gmt":"2023-12-28T14:51:32","guid":{"rendered":"https:\/\/congressinterceei.com\/iaseie\/?p=1388"},"modified":"2023-12-28T18:37:37","modified_gmt":"2023-12-28T21:37:37","slug":"gfc-magazine-confira-a-entrevista","status":"publish","type":"post","link":"https:\/\/congressinterceei.com\/iaseie\/index.php\/2023\/12\/28\/gfc-magazine-confira-a-entrevista\/","title":{"rendered":"GFC Magazine: Confira a entrevista!"},"content":{"rendered":"\n<p>O receber \u00e9 o resultado do dar! \ud83d\ude4f\ud83d\ude4c<\/p>\n\n\n\n<p><strong>ACESSE A REVISTA:<\/strong>  <a rel=\"noreferrer noopener\" aria-label=\"https:\/\/heyzine.com\/flip-book\/64b57f182f.html (opens in a new tab)\" href=\"https:\/\/heyzine.com\/flip-book\/64b57f182f.html\" target=\"_blank\">https:\/\/heyzine.com\/flip-book\/64b57f182f.html<\/a>  <\/p>\n\n\n\n<figure class=\"wp-block-image\"><img loading=\"lazy\" decoding=\"async\" width=\"1024\" height=\"782\" src=\"https:\/\/congressinterceei.com\/iaseie\/wp-content\/uploads\/2023\/12\/WhatsApp-Image-2023-12-27-at-21.26.24-1024x782.jpeg\" alt=\"\" class=\"wp-image-1390\" srcset=\"https:\/\/congressinterceei.com\/iaseie\/wp-content\/uploads\/2023\/12\/WhatsApp-Image-2023-12-27-at-21.26.24.jpeg 1024w, https:\/\/congressinterceei.com\/iaseie\/wp-content\/uploads\/2023\/12\/WhatsApp-Image-2023-12-27-at-21.26.24-300x229.jpeg 300w, https:\/\/congressinterceei.com\/iaseie\/wp-content\/uploads\/2023\/12\/WhatsApp-Image-2023-12-27-at-21.26.24-768x587.jpeg 768w\" sizes=\"(max-width: 1024px) 100vw, 1024px\" \/><\/figure>\n\n\n\n<hr class=\"wp-block-separator\"\/>\n\n\n\n<p>Diretora da AME de Orlando &#8211; Associa\u00e7\u00e3o de Mulheres Empreendedoras de Orlando: <\/p>\n\n\n\n<blockquote class=\"wp-block-quote is-layout-flow wp-block-quote-is-layout-flow\"><p>Querida Dra Gra\u00e7a <br> Como vc est\u00e1 ?<br> N\u00e3o temos palavras para expressar nossa gratid\u00e3o por  vc participar da nossa GFC Magazine.<br> Muito obrigada pelo apoio e colabora\u00e7\u00e3o .<br> Muito obrigada por acreditar em nossa miss\u00e3o !<br> Nossa ora\u00e7\u00e3o \u00e9 que Deus aben\u00e7oe grandemente sua vida , sua fam\u00edlia e seu neg\u00f3cio e te fa\u00e7a prosperar ainda mais em tudo .<br> Estamos honrados por te-la como capa dessa edi\u00e7\u00e3o \u2764\ufe0f<br> Estamos agora mesmo enviando em nossa Mala direta e j\u00e1 na largada  estara chegando a 3000 e-mails.<br> Espero que voc\u00ea goste <br> Beijo Grande<\/p><cite> Pastora Renata Loyola <\/cite><\/blockquote>\n\n\n\n<hr class=\"wp-block-separator\"\/>\n\n\n\n<figure class=\"wp-block-image\"><img loading=\"lazy\" decoding=\"async\" width=\"763\" height=\"1024\" src=\"https:\/\/congressinterceei.com\/iaseie\/wp-content\/uploads\/2023\/12\/WhatsApp-Image-2023-12-27-at-21.25.14-1-763x1024.jpeg\" alt=\"\" class=\"wp-image-1391\" srcset=\"https:\/\/congressinterceei.com\/iaseie\/wp-content\/uploads\/2023\/12\/WhatsApp-Image-2023-12-27-at-21.25.14-1.jpeg 763w, https:\/\/congressinterceei.com\/iaseie\/wp-content\/uploads\/2023\/12\/WhatsApp-Image-2023-12-27-at-21.25.14-1-224x300.jpeg 224w\" sizes=\"(max-width: 763px) 100vw, 763px\" \/><\/figure>\n\n\n\n<figure class=\"wp-block-image\"><img loading=\"lazy\" decoding=\"async\" width=\"766\" height=\"1024\" src=\"https:\/\/congressinterceei.com\/iaseie\/wp-content\/uploads\/2023\/12\/WhatsApp-Image-2023-12-27-at-21.25.14-2-766x1024.jpeg\" alt=\"\" class=\"wp-image-1392\" srcset=\"https:\/\/congressinterceei.com\/iaseie\/wp-content\/uploads\/2023\/12\/WhatsApp-Image-2023-12-27-at-21.25.14-2.jpeg 766w, https:\/\/congressinterceei.com\/iaseie\/wp-content\/uploads\/2023\/12\/WhatsApp-Image-2023-12-27-at-21.25.14-2-224x300.jpeg 224w\" sizes=\"(max-width: 766px) 100vw, 766px\" \/><\/figure>\n","protected":false},"excerpt":{"rendered":"<p>O receber \u00e9 o resultado do dar! \ud83d\ude4f\ud83d\ude4c ACESSE A REVISTA: https:\/\/heyzine.com\/flip-book\/64b57f182f.html Diretora da AME de Orlando &#8211; Associa\u00e7\u00e3o de Mulheres Empreendedoras de Orlando: Querida Dra Gra\u00e7a Como vc est\u00e1 ? N\u00e3o temos palavras para expressar nossa gratid\u00e3o por vc participar da nossa GFC Magazine. Muito obrigada pelo apoio e colabora\u00e7\u00e3o . Muito obrigada por acreditar em nossa miss\u00e3o ! Nossa ora\u00e7\u00e3o \u00e9 que Deus aben\u00e7oe grandemente sua vida , sua fam\u00edlia e seu neg\u00f3cio e te fa\u00e7a prosperar ainda mais em tudo . Estamos honrados por te-la como capa dessa edi\u00e7\u00e3o \u2764\ufe0f Estamos agora mesmo enviando em nossa Mala direta e j\u00e1 na largada estara chegando a 3000 e-mails. Espero que voc\u00ea goste Beijo Grande Pastora Renata Loyola<\/p>\n","protected":false},"author":1,"featured_media":1389,"comment_status":"open","ping_status":"open","sticky":false,"template":"","format":"standard","meta":{"footnotes":""},"categories":[2],"tags":[167,170,100,165,169,166],"yoast_head":"<!-- This site is optimized with the Yoast SEO plugin v22.6 - https:\/\/yoast.com\/wordpress\/plugins\/seo\/ -->\n<title>GFC Magazine: Confira a entrevista! - IASEIE<\/title>\n<meta name=\"robots\" content=\"index, follow, max-snippet:-1, max-image-preview:large, max-video-preview:-1\" \/>\n<link rel=\"canonical\" href=\"https:\/\/congressinterceei.com\/iaseie\/index.php\/2023\/12\/28\/gfc-magazine-confira-a-entrevista\/\" \/>\n<meta property=\"og:locale\" content=\"en_US\" \/>\n<meta property=\"og:type\" content=\"article\" \/>\n<meta property=\"og:title\" content=\"GFC Magazine: Confira a entrevista! - IASEIE\" \/>\n<meta property=\"og:description\" content=\"O receber \u00e9 o resultado do dar! \ud83d\ude4f\ud83d\ude4c ACESSE A REVISTA: https:\/\/heyzine.com\/flip-book\/64b57f182f.html Diretora da AME de Orlando &#8211; Associa\u00e7\u00e3o de Mulheres Empreendedoras de Orlando: Querida Dra Gra\u00e7a Como vc est\u00e1 ? N\u00e3o temos palavras para expressar nossa gratid\u00e3o por vc participar da nossa GFC Magazine. Muito obrigada pelo apoio e colabora\u00e7\u00e3o . Muito obrigada por acreditar em nossa miss\u00e3o ! Nossa ora\u00e7\u00e3o \u00e9 que Deus aben\u00e7oe grandemente sua vida , sua fam\u00edlia e seu neg\u00f3cio e te fa\u00e7a prosperar ainda mais em tudo . Estamos honrados por te-la como capa dessa edi\u00e7\u00e3o \u2764\ufe0f Estamos agora mesmo enviando em nossa Mala direta e j\u00e1 na largada estara chegando a 3000 e-mails. Espero que voc\u00ea goste Beijo Grande Pastora Renata Loyola\" \/>\n<meta property=\"og:url\" content=\"https:\/\/congressinterceei.com\/iaseie\/index.php\/2023\/12\/28\/gfc-magazine-confira-a-entrevista\/\" \/>\n<meta property=\"og:site_name\" content=\"IASEIE\" \/>\n<meta property=\"article:publisher\" content=\"https:\/\/www.facebook.com\/internationalaseieusa\/\" \/>\n<meta property=\"article:published_time\" content=\"2023-12-28T14:51:32+00:00\" \/>\n<meta property=\"article:modified_time\" content=\"2023-12-28T21:37:37+00:00\" \/>\n<meta property=\"og:image\" content=\"https:\/\/congressinterceei.com\/iaseie\/wp-content\/uploads\/2023\/12\/WhatsApp-Image-2023-12-27-at-21.25.14.jpeg\" \/>\n\t<meta property=\"og:image:width\" content=\"740\" \/>\n\t<meta property=\"og:image:height\" content=\"1024\" \/>\n\t<meta property=\"og:image:type\" content=\"image\/jpeg\" \/>\n<meta name=\"author\" content=\"Direto da Reda\u00e7\u00e3o\" \/>\n<meta name=\"twitter:card\" content=\"summary_large_image\" \/>\n<meta name=\"twitter:label1\" content=\"Written by\" \/>\n\t<meta name=\"twitter:data1\" content=\"Direto da Reda\u00e7\u00e3o\" \/>\n\t<meta name=\"twitter:label2\" content=\"Est. reading time\" \/>\n\t<meta name=\"twitter:data2\" content=\"1 minute\" \/>\n<script type=\"application\/ld+json\" class=\"yoast-schema-graph\">{\"@context\":\"https:\/\/schema.org\",\"@graph\":[{\"@type\":\"Article\",\"@id\":\"https:\/\/congressinterceei.com\/iaseie\/index.php\/2023\/12\/28\/gfc-magazine-confira-a-entrevista\/#article\",\"isPartOf\":{\"@id\":\"https:\/\/congressinterceei.com\/iaseie\/index.php\/2023\/12\/28\/gfc-magazine-confira-a-entrevista\/\"},\"author\":{\"name\":\"Direto da Reda\u00e7\u00e3o\",\"@id\":\"https:\/\/congressinterceei.com\/iaseie\/#\/schema\/person\/fe6662263455379bbf6ab12ad6411c90\"},\"headline\":\"GFC Magazine: Confira a entrevista!\",\"datePublished\":\"2023-12-28T14:51:32+00:00\",\"dateModified\":\"2023-12-28T21:37:37+00:00\",\"mainEntityOfPage\":{\"@id\":\"https:\/\/congressinterceei.com\/iaseie\/index.php\/2023\/12\/28\/gfc-magazine-confira-a-entrevista\/\"},\"wordCount\":133,\"commentCount\":0,\"publisher\":{\"@id\":\"https:\/\/congressinterceei.com\/iaseie\/#organization\"},\"image\":{\"@id\":\"https:\/\/congressinterceei.com\/iaseie\/index.php\/2023\/12\/28\/gfc-magazine-confira-a-entrevista\/#primaryimage\"},\"thumbnailUrl\":\"https:\/\/congressinterceei.com\/iaseie\/wp-content\/uploads\/2023\/12\/WhatsApp-Image-2023-12-27-at-21.25.14.jpeg\",\"keywords\":[\"AME Orlando\",\"Dra Gra\u00e7a Melo\",\"Entrevista\",\"GFC Magazine\",\"Renata Loyola\",\"Revista\"],\"articleSection\":[\"News\"],\"inLanguage\":\"en-US\",\"potentialAction\":[{\"@type\":\"CommentAction\",\"name\":\"Comment\",\"target\":[\"https:\/\/congressinterceei.com\/iaseie\/index.php\/2023\/12\/28\/gfc-magazine-confira-a-entrevista\/#respond\"]}]},{\"@type\":\"WebPage\",\"@id\":\"https:\/\/congressinterceei.com\/iaseie\/index.php\/2023\/12\/28\/gfc-magazine-confira-a-entrevista\/\",\"url\":\"https:\/\/congressinterceei.com\/iaseie\/index.php\/2023\/12\/28\/gfc-magazine-confira-a-entrevista\/\",\"name\":\"GFC Magazine: Confira a entrevista! - IASEIE\",\"isPartOf\":{\"@id\":\"https:\/\/congressinterceei.com\/iaseie\/#website\"},\"primaryImageOfPage\":{\"@id\":\"https:\/\/congressinterceei.com\/iaseie\/index.php\/2023\/12\/28\/gfc-magazine-confira-a-entrevista\/#primaryimage\"},\"image\":{\"@id\":\"https:\/\/congressinterceei.com\/iaseie\/index.php\/2023\/12\/28\/gfc-magazine-confira-a-entrevista\/#primaryimage\"},\"thumbnailUrl\":\"https:\/\/congressinterceei.com\/iaseie\/wp-content\/uploads\/2023\/12\/WhatsApp-Image-2023-12-27-at-21.25.14.jpeg\",\"datePublished\":\"2023-12-28T14:51:32+00:00\",\"dateModified\":\"2023-12-28T21:37:37+00:00\",\"breadcrumb\":{\"@id\":\"https:\/\/congressinterceei.com\/iaseie\/index.php\/2023\/12\/28\/gfc-magazine-confira-a-entrevista\/#breadcrumb\"},\"inLanguage\":\"en-US\",\"potentialAction\":[{\"@type\":\"ReadAction\",\"target\":[\"https:\/\/congressinterceei.com\/iaseie\/index.php\/2023\/12\/28\/gfc-magazine-confira-a-entrevista\/\"]}]},{\"@type\":\"ImageObject\",\"inLanguage\":\"en-US\",\"@id\":\"https:\/\/congressinterceei.com\/iaseie\/index.php\/2023\/12\/28\/gfc-magazine-confira-a-entrevista\/#primaryimage\",\"url\":\"https:\/\/congressinterceei.com\/iaseie\/wp-content\/uploads\/2023\/12\/WhatsApp-Image-2023-12-27-at-21.25.14.jpeg\",\"contentUrl\":\"https:\/\/congressinterceei.com\/iaseie\/wp-content\/uploads\/2023\/12\/WhatsApp-Image-2023-12-27-at-21.25.14.jpeg\",\"width\":740,\"height\":1024},{\"@type\":\"BreadcrumbList\",\"@id\":\"https:\/\/congressinterceei.com\/iaseie\/index.php\/2023\/12\/28\/gfc-magazine-confira-a-entrevista\/#breadcrumb\",\"itemListElement\":[{\"@type\":\"ListItem\",\"position\":1,\"name\":\"Home\",\"item\":\"https:\/\/congressinterceei.com\/iaseie\/\"},{\"@type\":\"ListItem\",\"position\":2,\"name\":\"GFC Magazine: Confira a entrevista!\"}]},{\"@type\":\"WebSite\",\"@id\":\"https:\/\/congressinterceei.com\/iaseie\/#website\",\"url\":\"https:\/\/congressinterceei.com\/iaseie\/\",\"name\":\"IASEIE\",\"description\":\"THE INTERNACIONAL ASSOCIATION OF SCIENCE, ETHICS AND INTEGRATED EDUCATION\",\"publisher\":{\"@id\":\"https:\/\/congressinterceei.com\/iaseie\/#organization\"},\"potentialAction\":[{\"@type\":\"SearchAction\",\"target\":{\"@type\":\"EntryPoint\",\"urlTemplate\":\"https:\/\/congressinterceei.com\/iaseie\/?s={search_term_string}\"},\"query-input\":\"required name=search_term_string\"}],\"inLanguage\":\"en-US\"},{\"@type\":\"Organization\",\"@id\":\"https:\/\/congressinterceei.com\/iaseie\/#organization\",\"name\":\"IASEIE - THE INTERNACIONAL ASSOCIATION OF SCIENCE, ETHICS AND INTEGRATED EDUCATION\",\"url\":\"https:\/\/congressinterceei.com\/iaseie\/\",\"logo\":{\"@type\":\"ImageObject\",\"inLanguage\":\"en-US\",\"@id\":\"https:\/\/congressinterceei.com\/iaseie\/#\/schema\/logo\/image\/\",\"url\":\"https:\/\/congressinterceei.com\/iaseie\/wp-content\/uploads\/2019\/09\/logo_iaseie.png\",\"contentUrl\":\"https:\/\/congressinterceei.com\/iaseie\/wp-content\/uploads\/2019\/09\/logo_iaseie.png\",\"width\":820,\"height\":450,\"caption\":\"IASEIE - THE INTERNACIONAL ASSOCIATION OF SCIENCE, ETHICS AND INTEGRATED EDUCATION\"},\"image\":{\"@id\":\"https:\/\/congressinterceei.com\/iaseie\/#\/schema\/logo\/image\/\"},\"sameAs\":[\"https:\/\/www.facebook.com\/internationalaseieusa\/\",\"https:\/\/www.youtube.com\/channel\/UCJ7efGfZQHrdxLj4Jscu6Vg\",\"https:\/\/www.instagram.com\/iaseieinternacional\"]},{\"@type\":\"Person\",\"@id\":\"https:\/\/congressinterceei.com\/iaseie\/#\/schema\/person\/fe6662263455379bbf6ab12ad6411c90\",\"name\":\"Direto da Reda\u00e7\u00e3o\",\"image\":{\"@type\":\"ImageObject\",\"inLanguage\":\"en-US\",\"@id\":\"https:\/\/congressinterceei.com\/iaseie\/#\/schema\/person\/image\/\",\"url\":\"https:\/\/secure.gravatar.com\/avatar\/2496052b679cd00bc0c7ef16490273ae?s=96&d=mm&r=g\",\"contentUrl\":\"https:\/\/secure.gravatar.com\/avatar\/2496052b679cd00bc0c7ef16490273ae?s=96&d=mm&r=g\",\"caption\":\"Direto da Reda\u00e7\u00e3o\"},\"url\":\"https:\/\/congressinterceei.com\/iaseie\/index.php\/author\/congressinterceei\/\"}]}<\/script>\n<!-- \/ Yoast SEO plugin. -->","yoast_head_json":{"title":"GFC Magazine: Confira a entrevista! - IASEIE","robots":{"index":"index","follow":"follow","max-snippet":"max-snippet:-1","max-image-preview":"max-image-preview:large","max-video-preview":"max-video-preview:-1"},"canonical":"https:\/\/congressinterceei.com\/iaseie\/index.php\/2023\/12\/28\/gfc-magazine-confira-a-entrevista\/","og_locale":"en_US","og_type":"article","og_title":"GFC Magazine: Confira a entrevista! - IASEIE","og_description":"O receber \u00e9 o resultado do dar! \ud83d\ude4f\ud83d\ude4c ACESSE A REVISTA: https:\/\/heyzine.com\/flip-book\/64b57f182f.html Diretora da AME de Orlando &#8211; Associa\u00e7\u00e3o de Mulheres Empreendedoras de Orlando: Querida Dra Gra\u00e7a Como vc est\u00e1 ? N\u00e3o temos palavras para expressar nossa gratid\u00e3o por vc participar da nossa GFC Magazine. Muito obrigada pelo apoio e colabora\u00e7\u00e3o . Muito obrigada por acreditar em nossa miss\u00e3o ! Nossa ora\u00e7\u00e3o \u00e9 que Deus aben\u00e7oe grandemente sua vida , sua fam\u00edlia e seu neg\u00f3cio e te fa\u00e7a prosperar ainda mais em tudo . Estamos honrados por te-la como capa dessa edi\u00e7\u00e3o \u2764\ufe0f Estamos agora mesmo enviando em nossa Mala direta e j\u00e1 na largada estara chegando a 3000 e-mails. Espero que voc\u00ea goste Beijo Grande Pastora Renata Loyola","og_url":"https:\/\/congressinterceei.com\/iaseie\/index.php\/2023\/12\/28\/gfc-magazine-confira-a-entrevista\/","og_site_name":"IASEIE","article_publisher":"https:\/\/www.facebook.com\/internationalaseieusa\/","article_published_time":"2023-12-28T14:51:32+00:00","article_modified_time":"2023-12-28T21:37:37+00:00","og_image":[{"width":740,"height":1024,"url":"https:\/\/congressinterceei.com\/iaseie\/wp-content\/uploads\/2023\/12\/WhatsApp-Image-2023-12-27-at-21.25.14.jpeg","type":"image\/jpeg"}],"author":"Direto da Reda\u00e7\u00e3o","twitter_card":"summary_large_image","twitter_misc":{"Written by":"Direto da Reda\u00e7\u00e3o","Est. reading time":"1 minute"},"schema":{"@context":"https:\/\/schema.org","@graph":[{"@type":"Article","@id":"https:\/\/congressinterceei.com\/iaseie\/index.php\/2023\/12\/28\/gfc-magazine-confira-a-entrevista\/#article","isPartOf":{"@id":"https:\/\/congressinterceei.com\/iaseie\/index.php\/2023\/12\/28\/gfc-magazine-confira-a-entrevista\/"},"author":{"name":"Direto da Reda\u00e7\u00e3o","@id":"https:\/\/congressinterceei.com\/iaseie\/#\/schema\/person\/fe6662263455379bbf6ab12ad6411c90"},"headline":"GFC Magazine: Confira a entrevista!","datePublished":"2023-12-28T14:51:32+00:00","dateModified":"2023-12-28T21:37:37+00:00","mainEntityOfPage":{"@id":"https:\/\/congressinterceei.com\/iaseie\/index.php\/2023\/12\/28\/gfc-magazine-confira-a-entrevista\/"},"wordCount":133,"commentCount":0,"publisher":{"@id":"https:\/\/congressinterceei.com\/iaseie\/#organization"},"image":{"@id":"https:\/\/congressinterceei.com\/iaseie\/index.php\/2023\/12\/28\/gfc-magazine-confira-a-entrevista\/#primaryimage"},"thumbnailUrl":"https:\/\/congressinterceei.com\/iaseie\/wp-content\/uploads\/2023\/12\/WhatsApp-Image-2023-12-27-at-21.25.14.jpeg","keywords":["AME Orlando","Dra Gra\u00e7a Melo","Entrevista","GFC Magazine","Renata Loyola","Revista"],"articleSection":["News"],"inLanguage":"en-US","potentialAction":[{"@type":"CommentAction","name":"Comment","target":["https:\/\/congressinterceei.com\/iaseie\/index.php\/2023\/12\/28\/gfc-magazine-confira-a-entrevista\/#respond"]}]},{"@type":"WebPage","@id":"https:\/\/congressinterceei.com\/iaseie\/index.php\/2023\/12\/28\/gfc-magazine-confira-a-entrevista\/","url":"https:\/\/congressinterceei.com\/iaseie\/index.php\/2023\/12\/28\/gfc-magazine-confira-a-entrevista\/","name":"GFC Magazine: Confira a entrevista! - IASEIE","isPartOf":{"@id":"https:\/\/congressinterceei.com\/iaseie\/#website"},"primaryImageOfPage":{"@id":"https:\/\/congressinterceei.com\/iaseie\/index.php\/2023\/12\/28\/gfc-magazine-confira-a-entrevista\/#primaryimage"},"image":{"@id":"https:\/\/congressinterceei.com\/iaseie\/index.php\/2023\/12\/28\/gfc-magazine-confira-a-entrevista\/#primaryimage"},"thumbnailUrl":"https:\/\/congressinterceei.com\/iaseie\/wp-content\/uploads\/2023\/12\/WhatsApp-Image-2023-12-27-at-21.25.14.jpeg","datePublished":"2023-12-28T14:51:32+00:00","dateModified":"2023-12-28T21:37:37+00:00","breadcrumb":{"@id":"https:\/\/congressinterceei.com\/iaseie\/index.php\/2023\/12\/28\/gfc-magazine-confira-a-entrevista\/#breadcrumb"},"inLanguage":"en-US","potentialAction":[{"@type":"ReadAction","target":["https:\/\/congressinterceei.com\/iaseie\/index.php\/2023\/12\/28\/gfc-magazine-confira-a-entrevista\/"]}]},{"@type":"ImageObject","inLanguage":"en-US","@id":"https:\/\/congressinterceei.com\/iaseie\/index.php\/2023\/12\/28\/gfc-magazine-confira-a-entrevista\/#primaryimage","url":"https:\/\/congressinterceei.com\/iaseie\/wp-content\/uploads\/2023\/12\/WhatsApp-Image-2023-12-27-at-21.25.14.jpeg","contentUrl":"https:\/\/congressinterceei.com\/iaseie\/wp-content\/uploads\/2023\/12\/WhatsApp-Image-2023-12-27-at-21.25.14.jpeg","width":740,"height":1024},{"@type":"BreadcrumbList","@id":"https:\/\/congressinterceei.com\/iaseie\/index.php\/2023\/12\/28\/gfc-magazine-confira-a-entrevista\/#breadcrumb","itemListElement":[{"@type":"ListItem","position":1,"name":"Home","item":"https:\/\/congressinterceei.com\/iaseie\/"},{"@type":"ListItem","position":2,"name":"GFC Magazine: Confira a entrevista!"}]},{"@type":"WebSite","@id":"https:\/\/congressinterceei.com\/iaseie\/#website","url":"https:\/\/congressinterceei.com\/iaseie\/","name":"IASEIE","description":"THE INTERNACIONAL ASSOCIATION OF SCIENCE, ETHICS AND INTEGRATED EDUCATION","publisher":{"@id":"https:\/\/congressinterceei.com\/iaseie\/#organization"},"potentialAction":[{"@type":"SearchAction","target":{"@type":"EntryPoint","urlTemplate":"https:\/\/congressinterceei.com\/iaseie\/?s={search_term_string}"},"query-input":"required name=search_term_string"}],"inLanguage":"en-US"},{"@type":"Organization","@id":"https:\/\/congressinterceei.com\/iaseie\/#organization","name":"IASEIE - THE INTERNACIONAL ASSOCIATION OF SCIENCE, ETHICS AND INTEGRATED EDUCATION","url":"https:\/\/congressinterceei.com\/iaseie\/","logo":{"@type":"ImageObject","inLanguage":"en-US","@id":"https:\/\/congressinterceei.com\/iaseie\/#\/schema\/logo\/image\/","url":"https:\/\/congressinterceei.com\/iaseie\/wp-content\/uploads\/2019\/09\/logo_iaseie.png","contentUrl":"https:\/\/congressinterceei.com\/iaseie\/wp-content\/uploads\/2019\/09\/logo_iaseie.png","width":820,"height":450,"caption":"IASEIE - THE INTERNACIONAL ASSOCIATION OF SCIENCE, ETHICS AND INTEGRATED EDUCATION"},"image":{"@id":"https:\/\/congressinterceei.com\/iaseie\/#\/schema\/logo\/image\/"},"sameAs":["https:\/\/www.facebook.com\/internationalaseieusa\/","https:\/\/www.youtube.com\/channel\/UCJ7efGfZQHrdxLj4Jscu6Vg","https:\/\/www.instagram.com\/iaseieinternacional"]},{"@type":"Person","@id":"https:\/\/congressinterceei.com\/iaseie\/#\/schema\/person\/fe6662263455379bbf6ab12ad6411c90","name":"Direto da Reda\u00e7\u00e3o","image":{"@type":"ImageObject","inLanguage":"en-US","@id":"https:\/\/congressinterceei.com\/iaseie\/#\/schema\/person\/image\/","url":"https:\/\/secure.gravatar.com\/avatar\/2496052b679cd00bc0c7ef16490273ae?s=96&d=mm&r=g","contentUrl":"https:\/\/secure.gravatar.com\/avatar\/2496052b679cd00bc0c7ef16490273ae?s=96&d=mm&r=g","caption":"Direto da Reda\u00e7\u00e3o"},"url":"https:\/\/congressinterceei.com\/iaseie\/index.php\/author\/congressinterceei\/"}]}},"_links":{"self":[{"href":"https:\/\/congressinterceei.com\/iaseie\/index.php\/wp-json\/wp\/v2\/posts\/1388"}],"collection":[{"href":"https:\/\/congressinterceei.com\/iaseie\/index.php\/wp-json\/wp\/v2\/posts"}],"about":[{"href":"https:\/\/congressinterceei.com\/iaseie\/index.php\/wp-json\/wp\/v2\/types\/post"}],"author":[{"embeddable":true,"href":"https:\/\/congressinterceei.com\/iaseie\/index.php\/wp-json\/wp\/v2\/users\/1"}],"replies":[{"embeddable":true,"href":"https:\/\/congressinterceei.com\/iaseie\/index.php\/wp-json\/wp\/v2\/comments?post=1388"}],"version-history":[{"count":8,"href":"https:\/\/congressinterceei.com\/iaseie\/index.php\/wp-json\/wp\/v2\/posts\/1388\/revisions"}],"predecessor-version":[{"id":1400,"href":"https:\/\/congressinterceei.com\/iaseie\/index.php\/wp-json\/wp\/v2\/posts\/1388\/revisions\/1400"}],"wp:featuredmedia":[{"embeddable":true,"href":"https:\/\/congressinterceei.com\/iaseie\/index.php\/wp-json\/wp\/v2\/media\/1389"}],"wp:attachment":[{"href":"https:\/\/congressinterceei.com\/iaseie\/index.php\/wp-json\/wp\/v2\/media?parent=1388"}],"wp:term":[{"taxonomy":"category","embeddable":true,"href":"https:\/\/congressinterceei.com\/iaseie\/index.php\/wp-json\/wp\/v2\/categories?post=1388"},{"taxonomy":"post_tag","embeddable":true,"href":"https:\/\/congressinterceei.com\/iaseie\/index.php\/wp-json\/wp\/v2\/tags?post=1388"}],"curies":[{"name":"wp","href":"https:\/\/api.w.org\/{rel}","templated":true}]}}