{"id":1405,"date":"2024-03-01T14:39:01","date_gmt":"2024-03-01T17:39:01","guid":{"rendered":"https:\/\/congressinterceei.com\/iaseie\/?p=1405"},"modified":"2024-03-07T15:09:43","modified_gmt":"2024-03-07T18:09:43","slug":"imersao-familia-real-prospera","status":"publish","type":"post","link":"https:\/\/congressinterceei.com\/iaseie\/index.php\/2024\/03\/01\/imersao-familia-real-prospera\/","title":{"rendered":"Imers\u00e3o: Fam\u00edlia Real Pr\u00f3spera"},"content":{"rendered":"\n<p>Inscri\u00e7\u00f5es abertas: Evento com participa\u00e7\u00e3o no Presencial em Orlando ou on-line! Este evento \u00e9 para lan\u00e7ar um PROGRAMA para aqueles que querem ter uma FAMILIA REAL, verdadeira, do reino de DEUS, que seja PR\u00d3SPERA em Todos os Pilares da Vida! Welcome! \ud83d\ude4f\ud83d\udc97\ud83d\udc51 <\/p>\n\n\n\n<p>Conto com voc\u00ea na constru\u00e7\u00e3o desse Programa para a Fam\u00edlia Real Pr\u00f3spera na Florida e em outros pa\u00edses!<br>Agora, este convite \u00e9 exclusivo para as Fam\u00edlias que desejam Prosperidade em Todos os Pilares da Vida!!  Voc\u00ea consegue fazer a inscri\u00e7\u00e3o on-line, muito f\u00e1cil, a transmiss\u00e3o ser\u00e1 direta ao vivo pelo YouTube, algum amigo ou amiga, ou fam\u00edlia que n\u00e3o pode ir no presencial, mas que deseja a Prosperidade na sua Fam\u00edlia nos 12 Pilares da Vida, pode fazer agora a inscri\u00e7\u00e3o on-line (d\u00e1 direito de receber os v\u00eddeos dos palestrantes).<br> <\/p>\n\n\n\n<p> <br><strong>Acesso Online &#8211; Saphire<\/strong> (Reais)<br><a href=\"https:\/\/buy.stripe.com\/14k9Bc2No7Vl38QdQV\">https:\/\/buy.stripe.com\/14k9Bc2No7Vl38QdQV<\/a><\/p>\n\n\n\n<p><strong>Acesso Online &#8211; Saphire<\/strong> (Dollars)<br><a href=\"https:\/\/buy.stripe.com\/cN29Bcew6fnN10IcMP\">https:\/\/buy.stripe.com\/cN29Bcew6fnN10IcMP<\/a><\/p>\n\n\n\n<hr class=\"wp-block-separator\"\/>\n\n\n\n<p><strong>Inscri\u00e7\u00f5es para o evento Presencial em Orlando<\/strong><\/p>\n\n\n\n<p><strong>Saphire Individual por $197<\/strong><br><a href=\"https:\/\/buy.stripe.com\/4gwbJk4VwdfF5gYfYY\">https:\/\/buy.stripe.com\/4gwbJk4VwdfF5gYfYY<\/a><\/p>\n\n\n\n<p><strong>Emerald Casal por $297<\/strong><br><a href=\"https:\/\/buy.stripe.com\/5kA9Bcds2ejJcJqbIJ\">https:\/\/buy.stripe.com\/5kA9Bcds2ejJcJqbIJ<\/a><\/p>\n\n\n\n<p><strong>Diamond VIP<\/strong><br><a href=\"https:\/\/buy.stripe.com\/9AQ4gSgEe8Zp9xe6oq\">https:\/\/buy.stripe.com\/9AQ4gSgEe8Zp9xe6oq<\/a><\/p>\n\n\n\n<hr class=\"wp-block-separator\"\/>\n\n\n\n<p>Voc\u00ea gostaria de participar e divulgar o evento nos seus grupos de contato? <br>Fique a vontade! <\/p>\n\n\n\n<p>Todos s\u00e3o conservadores de Fam\u00edlia tradicional, de princ\u00edpios Crist\u00e3os, Judaico-Crist\u00e3os, que priorizam DEUS e Fam\u00edlia do Reino de DEUS e Prosperidade em Todos os Pilares da Vida! \ud83d\ude4f\ud83d\udc97\ud83d\udc51<br><br>Gratid\u00e3o!<br><em>Dra. Gra\u00e7a, Mauro e Equipe de Organiza\u00e7\u00e3o.<\/em><\/p>\n","protected":false},"excerpt":{"rendered":"<p>Inscri\u00e7\u00f5es abertas: Evento com participa\u00e7\u00e3o no Presencial em Orlando ou on-line! Este evento \u00e9 para lan\u00e7ar um PROGRAMA para aqueles que querem ter uma FAMILIA REAL, verdadeira, do reino de DEUS, que seja PR\u00d3SPERA em Todos os Pilares da Vida! Welcome! \ud83d\ude4f\ud83d\udc97\ud83d\udc51 Conto com voc\u00ea na constru\u00e7\u00e3o desse Programa para a Fam\u00edlia Real Pr\u00f3spera na Florida e em outros pa\u00edses!Agora, este convite \u00e9 exclusivo para as Fam\u00edlias que desejam Prosperidade em Todos os Pilares da Vida!! Voc\u00ea consegue fazer a inscri\u00e7\u00e3o on-line, muito f\u00e1cil, a transmiss\u00e3o ser\u00e1 direta ao vivo pelo YouTube, algum amigo ou amiga, ou fam\u00edlia que n\u00e3o pode ir no presencial, mas que deseja a Prosperidade na sua Fam\u00edlia nos 12 Pilares da Vida, pode fazer agora a inscri\u00e7\u00e3o on-line (d\u00e1 direito de receber os v\u00eddeos dos palestrantes). Acesso Online &#8211; Saphire (Reais)https:\/\/buy.stripe.com\/14k9Bc2No7Vl38QdQV Acesso Online &#8211; Saphire (Dollars)https:\/\/buy.stripe.com\/cN29Bcew6fnN10IcMP Inscri\u00e7\u00f5es para o evento Presencial em Orlando Saphire Individual por $197https:\/\/buy.stripe.com\/4gwbJk4VwdfF5gYfYY Emerald Casal por $297https:\/\/buy.stripe.com\/5kA9Bcds2ejJcJqbIJ Diamond VIPhttps:\/\/buy.stripe.com\/9AQ4gSgEe8Zp9xe6oq Voc\u00ea gostaria de participar e divulgar o evento nos seus grupos de contato? Fique a vontade! Todos s\u00e3o conservadores de Fam\u00edlia tradicional, de princ\u00edpios Crist\u00e3os, Judaico-Crist\u00e3os, que priorizam DEUS e Fam\u00edlia do Reino de DEUS e Prosperidade em Todos os Pilares da Vida! \ud83d\ude4f\ud83d\udc97\ud83d\udc51 Gratid\u00e3o!Dra. Gra\u00e7a, Mauro e Equipe de Organiza\u00e7\u00e3o.<\/p>\n","protected":false},"author":1,"featured_media":1406,"comment_status":"open","ping_status":"open","sticky":false,"template":"","format":"standard","meta":{"footnotes":""},"categories":[2],"tags":[171,173,175],"yoast_head":"<!-- This site is optimized with the Yoast SEO plugin v22.6 - https:\/\/yoast.com\/wordpress\/plugins\/seo\/ -->\n<title>Imers\u00e3o: Fam\u00edlia Real Pr\u00f3spera - IASEIE<\/title>\n<meta name=\"robots\" content=\"index, follow, max-snippet:-1, max-image-preview:large, max-video-preview:-1\" \/>\n<link rel=\"canonical\" href=\"https:\/\/congressinterceei.com\/iaseie\/index.php\/2024\/03\/01\/imersao-familia-real-prospera\/\" \/>\n<meta property=\"og:locale\" content=\"en_US\" \/>\n<meta property=\"og:type\" content=\"article\" \/>\n<meta property=\"og:title\" content=\"Imers\u00e3o: Fam\u00edlia Real Pr\u00f3spera - IASEIE\" \/>\n<meta property=\"og:description\" content=\"Inscri\u00e7\u00f5es abertas: Evento com participa\u00e7\u00e3o no Presencial em Orlando ou on-line! Este evento \u00e9 para lan\u00e7ar um PROGRAMA para aqueles que querem ter uma FAMILIA REAL, verdadeira, do reino de DEUS, que seja PR\u00d3SPERA em Todos os Pilares da Vida! Welcome! \ud83d\ude4f\ud83d\udc97\ud83d\udc51 Conto com voc\u00ea na constru\u00e7\u00e3o desse Programa para a Fam\u00edlia Real Pr\u00f3spera na Florida e em outros pa\u00edses!Agora, este convite \u00e9 exclusivo para as Fam\u00edlias que desejam Prosperidade em Todos os Pilares da Vida!! Voc\u00ea consegue fazer a inscri\u00e7\u00e3o on-line, muito f\u00e1cil, a transmiss\u00e3o ser\u00e1 direta ao vivo pelo YouTube, algum amigo ou amiga, ou fam\u00edlia que n\u00e3o pode ir no presencial, mas que deseja a Prosperidade na sua Fam\u00edlia nos 12 Pilares da Vida, pode fazer agora a inscri\u00e7\u00e3o on-line (d\u00e1 direito de receber os v\u00eddeos dos palestrantes). Acesso Online &#8211; Saphire (Reais)https:\/\/buy.stripe.com\/14k9Bc2No7Vl38QdQV Acesso Online &#8211; Saphire (Dollars)https:\/\/buy.stripe.com\/cN29Bcew6fnN10IcMP Inscri\u00e7\u00f5es para o evento Presencial em Orlando Saphire Individual por $197https:\/\/buy.stripe.com\/4gwbJk4VwdfF5gYfYY Emerald Casal por $297https:\/\/buy.stripe.com\/5kA9Bcds2ejJcJqbIJ Diamond VIPhttps:\/\/buy.stripe.com\/9AQ4gSgEe8Zp9xe6oq Voc\u00ea gostaria de participar e divulgar o evento nos seus grupos de contato? Fique a vontade! Todos s\u00e3o conservadores de Fam\u00edlia tradicional, de princ\u00edpios Crist\u00e3os, Judaico-Crist\u00e3os, que priorizam DEUS e Fam\u00edlia do Reino de DEUS e Prosperidade em Todos os Pilares da Vida! \ud83d\ude4f\ud83d\udc97\ud83d\udc51 Gratid\u00e3o!Dra. Gra\u00e7a, Mauro e Equipe de Organiza\u00e7\u00e3o.\" \/>\n<meta property=\"og:url\" content=\"https:\/\/congressinterceei.com\/iaseie\/index.php\/2024\/03\/01\/imersao-familia-real-prospera\/\" \/>\n<meta property=\"og:site_name\" content=\"IASEIE\" \/>\n<meta property=\"article:publisher\" content=\"https:\/\/www.facebook.com\/internationalaseieusa\/\" \/>\n<meta property=\"article:published_time\" content=\"2024-03-01T17:39:01+00:00\" \/>\n<meta property=\"article:modified_time\" content=\"2024-03-07T18:09:43+00:00\" \/>\n<meta property=\"og:image\" content=\"https:\/\/congressinterceei.com\/iaseie\/wp-content\/uploads\/2024\/03\/WhatsApp-Image-2024-02-28-at-18.01.28.jpeg\" \/>\n\t<meta property=\"og:image:width\" content=\"821\" \/>\n\t<meta property=\"og:image:height\" content=\"1280\" \/>\n\t<meta property=\"og:image:type\" content=\"image\/jpeg\" \/>\n<meta name=\"author\" content=\"Direto da Reda\u00e7\u00e3o\" \/>\n<meta name=\"twitter:card\" content=\"summary_large_image\" \/>\n<meta name=\"twitter:label1\" content=\"Written by\" \/>\n\t<meta name=\"twitter:data1\" content=\"Direto da Reda\u00e7\u00e3o\" \/>\n\t<meta name=\"twitter:label2\" content=\"Est. reading time\" \/>\n\t<meta name=\"twitter:data2\" content=\"1 minute\" \/>\n<script type=\"application\/ld+json\" class=\"yoast-schema-graph\">{\"@context\":\"https:\/\/schema.org\",\"@graph\":[{\"@type\":\"Article\",\"@id\":\"https:\/\/congressinterceei.com\/iaseie\/index.php\/2024\/03\/01\/imersao-familia-real-prospera\/#article\",\"isPartOf\":{\"@id\":\"https:\/\/congressinterceei.com\/iaseie\/index.php\/2024\/03\/01\/imersao-familia-real-prospera\/\"},\"author\":{\"name\":\"Direto da Reda\u00e7\u00e3o\",\"@id\":\"https:\/\/congressinterceei.com\/iaseie\/#\/schema\/person\/fe6662263455379bbf6ab12ad6411c90\"},\"headline\":\"Imers\u00e3o: Fam\u00edlia Real Pr\u00f3spera\",\"datePublished\":\"2024-03-01T17:39:01+00:00\",\"dateModified\":\"2024-03-07T18:09:43+00:00\",\"mainEntityOfPage\":{\"@id\":\"https:\/\/congressinterceei.com\/iaseie\/index.php\/2024\/03\/01\/imersao-familia-real-prospera\/\"},\"wordCount\":278,\"commentCount\":0,\"publisher\":{\"@id\":\"https:\/\/congressinterceei.com\/iaseie\/#organization\"},\"image\":{\"@id\":\"https:\/\/congressinterceei.com\/iaseie\/index.php\/2024\/03\/01\/imersao-familia-real-prospera\/#primaryimage\"},\"thumbnailUrl\":\"https:\/\/congressinterceei.com\/iaseie\/wp-content\/uploads\/2024\/03\/WhatsApp-Image-2024-02-28-at-18.01.28.jpeg\",\"keywords\":[\"Fam\u00edlia Real Prospera\",\"Imers\u00e3o\",\"Palestrantes\"],\"articleSection\":[\"News\"],\"inLanguage\":\"en-US\",\"potentialAction\":[{\"@type\":\"CommentAction\",\"name\":\"Comment\",\"target\":[\"https:\/\/congressinterceei.com\/iaseie\/index.php\/2024\/03\/01\/imersao-familia-real-prospera\/#respond\"]}]},{\"@type\":\"WebPage\",\"@id\":\"https:\/\/congressinterceei.com\/iaseie\/index.php\/2024\/03\/01\/imersao-familia-real-prospera\/\",\"url\":\"https:\/\/congressinterceei.com\/iaseie\/index.php\/2024\/03\/01\/imersao-familia-real-prospera\/\",\"name\":\"Imers\u00e3o: Fam\u00edlia Real Pr\u00f3spera - IASEIE\",\"isPartOf\":{\"@id\":\"https:\/\/congressinterceei.com\/iaseie\/#website\"},\"primaryImageOfPage\":{\"@id\":\"https:\/\/congressinterceei.com\/iaseie\/index.php\/2024\/03\/01\/imersao-familia-real-prospera\/#primaryimage\"},\"image\":{\"@id\":\"https:\/\/congressinterceei.com\/iaseie\/index.php\/2024\/03\/01\/imersao-familia-real-prospera\/#primaryimage\"},\"thumbnailUrl\":\"https:\/\/congressinterceei.com\/iaseie\/wp-content\/uploads\/2024\/03\/WhatsApp-Image-2024-02-28-at-18.01.28.jpeg\",\"datePublished\":\"2024-03-01T17:39:01+00:00\",\"dateModified\":\"2024-03-07T18:09:43+00:00\",\"breadcrumb\":{\"@id\":\"https:\/\/congressinterceei.com\/iaseie\/index.php\/2024\/03\/01\/imersao-familia-real-prospera\/#breadcrumb\"},\"inLanguage\":\"en-US\",\"potentialAction\":[{\"@type\":\"ReadAction\",\"target\":[\"https:\/\/congressinterceei.com\/iaseie\/index.php\/2024\/03\/01\/imersao-familia-real-prospera\/\"]}]},{\"@type\":\"ImageObject\",\"inLanguage\":\"en-US\",\"@id\":\"https:\/\/congressinterceei.com\/iaseie\/index.php\/2024\/03\/01\/imersao-familia-real-prospera\/#primaryimage\",\"url\":\"https:\/\/congressinterceei.com\/iaseie\/wp-content\/uploads\/2024\/03\/WhatsApp-Image-2024-02-28-at-18.01.28.jpeg\",\"contentUrl\":\"https:\/\/congressinterceei.com\/iaseie\/wp-content\/uploads\/2024\/03\/WhatsApp-Image-2024-02-28-at-18.01.28.jpeg\",\"width\":821,\"height\":1280},{\"@type\":\"BreadcrumbList\",\"@id\":\"https:\/\/congressinterceei.com\/iaseie\/index.php\/2024\/03\/01\/imersao-familia-real-prospera\/#breadcrumb\",\"itemListElement\":[{\"@type\":\"ListItem\",\"position\":1,\"name\":\"Home\",\"item\":\"https:\/\/congressinterceei.com\/iaseie\/\"},{\"@type\":\"ListItem\",\"position\":2,\"name\":\"Imers\u00e3o: Fam\u00edlia Real Pr\u00f3spera\"}]},{\"@type\":\"WebSite\",\"@id\":\"https:\/\/congressinterceei.com\/iaseie\/#website\",\"url\":\"https:\/\/congressinterceei.com\/iaseie\/\",\"name\":\"IASEIE\",\"description\":\"THE INTERNACIONAL ASSOCIATION OF SCIENCE, ETHICS AND INTEGRATED EDUCATION\",\"publisher\":{\"@id\":\"https:\/\/congressinterceei.com\/iaseie\/#organization\"},\"potentialAction\":[{\"@type\":\"SearchAction\",\"target\":{\"@type\":\"EntryPoint\",\"urlTemplate\":\"https:\/\/congressinterceei.com\/iaseie\/?s={search_term_string}\"},\"query-input\":\"required name=search_term_string\"}],\"inLanguage\":\"en-US\"},{\"@type\":\"Organization\",\"@id\":\"https:\/\/congressinterceei.com\/iaseie\/#organization\",\"name\":\"IASEIE - THE INTERNACIONAL ASSOCIATION OF SCIENCE, ETHICS AND INTEGRATED EDUCATION\",\"url\":\"https:\/\/congressinterceei.com\/iaseie\/\",\"logo\":{\"@type\":\"ImageObject\",\"inLanguage\":\"en-US\",\"@id\":\"https:\/\/congressinterceei.com\/iaseie\/#\/schema\/logo\/image\/\",\"url\":\"https:\/\/congressinterceei.com\/iaseie\/wp-content\/uploads\/2019\/09\/logo_iaseie.png\",\"contentUrl\":\"https:\/\/congressinterceei.com\/iaseie\/wp-content\/uploads\/2019\/09\/logo_iaseie.png\",\"width\":820,\"height\":450,\"caption\":\"IASEIE - THE INTERNACIONAL ASSOCIATION OF SCIENCE, ETHICS AND INTEGRATED EDUCATION\"},\"image\":{\"@id\":\"https:\/\/congressinterceei.com\/iaseie\/#\/schema\/logo\/image\/\"},\"sameAs\":[\"https:\/\/www.facebook.com\/internationalaseieusa\/\",\"https:\/\/www.youtube.com\/channel\/UCJ7efGfZQHrdxLj4Jscu6Vg\",\"https:\/\/www.instagram.com\/iaseieinternacional\"]},{\"@type\":\"Person\",\"@id\":\"https:\/\/congressinterceei.com\/iaseie\/#\/schema\/person\/fe6662263455379bbf6ab12ad6411c90\",\"name\":\"Direto da Reda\u00e7\u00e3o\",\"image\":{\"@type\":\"ImageObject\",\"inLanguage\":\"en-US\",\"@id\":\"https:\/\/congressinterceei.com\/iaseie\/#\/schema\/person\/image\/\",\"url\":\"https:\/\/secure.gravatar.com\/avatar\/2496052b679cd00bc0c7ef16490273ae?s=96&d=mm&r=g\",\"contentUrl\":\"https:\/\/secure.gravatar.com\/avatar\/2496052b679cd00bc0c7ef16490273ae?s=96&d=mm&r=g\",\"caption\":\"Direto da Reda\u00e7\u00e3o\"},\"url\":\"https:\/\/congressinterceei.com\/iaseie\/index.php\/author\/congressinterceei\/\"}]}<\/script>\n<!-- \/ Yoast SEO plugin. -->","yoast_head_json":{"title":"Imers\u00e3o: Fam\u00edlia Real Pr\u00f3spera - IASEIE","robots":{"index":"index","follow":"follow","max-snippet":"max-snippet:-1","max-image-preview":"max-image-preview:large","max-video-preview":"max-video-preview:-1"},"canonical":"https:\/\/congressinterceei.com\/iaseie\/index.php\/2024\/03\/01\/imersao-familia-real-prospera\/","og_locale":"en_US","og_type":"article","og_title":"Imers\u00e3o: Fam\u00edlia Real Pr\u00f3spera - IASEIE","og_description":"Inscri\u00e7\u00f5es abertas: Evento com participa\u00e7\u00e3o no Presencial em Orlando ou on-line! Este evento \u00e9 para lan\u00e7ar um PROGRAMA para aqueles que querem ter uma FAMILIA REAL, verdadeira, do reino de DEUS, que seja PR\u00d3SPERA em Todos os Pilares da Vida! Welcome! \ud83d\ude4f\ud83d\udc97\ud83d\udc51 Conto com voc\u00ea na constru\u00e7\u00e3o desse Programa para a Fam\u00edlia Real Pr\u00f3spera na Florida e em outros pa\u00edses!Agora, este convite \u00e9 exclusivo para as Fam\u00edlias que desejam Prosperidade em Todos os Pilares da Vida!! Voc\u00ea consegue fazer a inscri\u00e7\u00e3o on-line, muito f\u00e1cil, a transmiss\u00e3o ser\u00e1 direta ao vivo pelo YouTube, algum amigo ou amiga, ou fam\u00edlia que n\u00e3o pode ir no presencial, mas que deseja a Prosperidade na sua Fam\u00edlia nos 12 Pilares da Vida, pode fazer agora a inscri\u00e7\u00e3o on-line (d\u00e1 direito de receber os v\u00eddeos dos palestrantes). Acesso Online &#8211; Saphire (Reais)https:\/\/buy.stripe.com\/14k9Bc2No7Vl38QdQV Acesso Online &#8211; Saphire (Dollars)https:\/\/buy.stripe.com\/cN29Bcew6fnN10IcMP Inscri\u00e7\u00f5es para o evento Presencial em Orlando Saphire Individual por $197https:\/\/buy.stripe.com\/4gwbJk4VwdfF5gYfYY Emerald Casal por $297https:\/\/buy.stripe.com\/5kA9Bcds2ejJcJqbIJ Diamond VIPhttps:\/\/buy.stripe.com\/9AQ4gSgEe8Zp9xe6oq Voc\u00ea gostaria de participar e divulgar o evento nos seus grupos de contato? Fique a vontade! Todos s\u00e3o conservadores de Fam\u00edlia tradicional, de princ\u00edpios Crist\u00e3os, Judaico-Crist\u00e3os, que priorizam DEUS e Fam\u00edlia do Reino de DEUS e Prosperidade em Todos os Pilares da Vida! \ud83d\ude4f\ud83d\udc97\ud83d\udc51 Gratid\u00e3o!Dra. Gra\u00e7a, Mauro e Equipe de Organiza\u00e7\u00e3o.","og_url":"https:\/\/congressinterceei.com\/iaseie\/index.php\/2024\/03\/01\/imersao-familia-real-prospera\/","og_site_name":"IASEIE","article_publisher":"https:\/\/www.facebook.com\/internationalaseieusa\/","article_published_time":"2024-03-01T17:39:01+00:00","article_modified_time":"2024-03-07T18:09:43+00:00","og_image":[{"width":821,"height":1280,"url":"https:\/\/congressinterceei.com\/iaseie\/wp-content\/uploads\/2024\/03\/WhatsApp-Image-2024-02-28-at-18.01.28.jpeg","type":"image\/jpeg"}],"author":"Direto da Reda\u00e7\u00e3o","twitter_card":"summary_large_image","twitter_misc":{"Written by":"Direto da Reda\u00e7\u00e3o","Est. reading time":"1 minute"},"schema":{"@context":"https:\/\/schema.org","@graph":[{"@type":"Article","@id":"https:\/\/congressinterceei.com\/iaseie\/index.php\/2024\/03\/01\/imersao-familia-real-prospera\/#article","isPartOf":{"@id":"https:\/\/congressinterceei.com\/iaseie\/index.php\/2024\/03\/01\/imersao-familia-real-prospera\/"},"author":{"name":"Direto da Reda\u00e7\u00e3o","@id":"https:\/\/congressinterceei.com\/iaseie\/#\/schema\/person\/fe6662263455379bbf6ab12ad6411c90"},"headline":"Imers\u00e3o: Fam\u00edlia Real Pr\u00f3spera","datePublished":"2024-03-01T17:39:01+00:00","dateModified":"2024-03-07T18:09:43+00:00","mainEntityOfPage":{"@id":"https:\/\/congressinterceei.com\/iaseie\/index.php\/2024\/03\/01\/imersao-familia-real-prospera\/"},"wordCount":278,"commentCount":0,"publisher":{"@id":"https:\/\/congressinterceei.com\/iaseie\/#organization"},"image":{"@id":"https:\/\/congressinterceei.com\/iaseie\/index.php\/2024\/03\/01\/imersao-familia-real-prospera\/#primaryimage"},"thumbnailUrl":"https:\/\/congressinterceei.com\/iaseie\/wp-content\/uploads\/2024\/03\/WhatsApp-Image-2024-02-28-at-18.01.28.jpeg","keywords":["Fam\u00edlia Real Prospera","Imers\u00e3o","Palestrantes"],"articleSection":["News"],"inLanguage":"en-US","potentialAction":[{"@type":"CommentAction","name":"Comment","target":["https:\/\/congressinterceei.com\/iaseie\/index.php\/2024\/03\/01\/imersao-familia-real-prospera\/#respond"]}]},{"@type":"WebPage","@id":"https:\/\/congressinterceei.com\/iaseie\/index.php\/2024\/03\/01\/imersao-familia-real-prospera\/","url":"https:\/\/congressinterceei.com\/iaseie\/index.php\/2024\/03\/01\/imersao-familia-real-prospera\/","name":"Imers\u00e3o: Fam\u00edlia Real Pr\u00f3spera - IASEIE","isPartOf":{"@id":"https:\/\/congressinterceei.com\/iaseie\/#website"},"primaryImageOfPage":{"@id":"https:\/\/congressinterceei.com\/iaseie\/index.php\/2024\/03\/01\/imersao-familia-real-prospera\/#primaryimage"},"image":{"@id":"https:\/\/congressinterceei.com\/iaseie\/index.php\/2024\/03\/01\/imersao-familia-real-prospera\/#primaryimage"},"thumbnailUrl":"https:\/\/congressinterceei.com\/iaseie\/wp-content\/uploads\/2024\/03\/WhatsApp-Image-2024-02-28-at-18.01.28.jpeg","datePublished":"2024-03-01T17:39:01+00:00","dateModified":"2024-03-07T18:09:43+00:00","breadcrumb":{"@id":"https:\/\/congressinterceei.com\/iaseie\/index.php\/2024\/03\/01\/imersao-familia-real-prospera\/#breadcrumb"},"inLanguage":"en-US","potentialAction":[{"@type":"ReadAction","target":["https:\/\/congressinterceei.com\/iaseie\/index.php\/2024\/03\/01\/imersao-familia-real-prospera\/"]}]},{"@type":"ImageObject","inLanguage":"en-US","@id":"https:\/\/congressinterceei.com\/iaseie\/index.php\/2024\/03\/01\/imersao-familia-real-prospera\/#primaryimage","url":"https:\/\/congressinterceei.com\/iaseie\/wp-content\/uploads\/2024\/03\/WhatsApp-Image-2024-02-28-at-18.01.28.jpeg","contentUrl":"https:\/\/congressinterceei.com\/iaseie\/wp-content\/uploads\/2024\/03\/WhatsApp-Image-2024-02-28-at-18.01.28.jpeg","width":821,"height":1280},{"@type":"BreadcrumbList","@id":"https:\/\/congressinterceei.com\/iaseie\/index.php\/2024\/03\/01\/imersao-familia-real-prospera\/#breadcrumb","itemListElement":[{"@type":"ListItem","position":1,"name":"Home","item":"https:\/\/congressinterceei.com\/iaseie\/"},{"@type":"ListItem","position":2,"name":"Imers\u00e3o: Fam\u00edlia Real Pr\u00f3spera"}]},{"@type":"WebSite","@id":"https:\/\/congressinterceei.com\/iaseie\/#website","url":"https:\/\/congressinterceei.com\/iaseie\/","name":"IASEIE","description":"THE INTERNACIONAL ASSOCIATION OF SCIENCE, ETHICS AND INTEGRATED EDUCATION","publisher":{"@id":"https:\/\/congressinterceei.com\/iaseie\/#organization"},"potentialAction":[{"@type":"SearchAction","target":{"@type":"EntryPoint","urlTemplate":"https:\/\/congressinterceei.com\/iaseie\/?s={search_term_string}"},"query-input":"required name=search_term_string"}],"inLanguage":"en-US"},{"@type":"Organization","@id":"https:\/\/congressinterceei.com\/iaseie\/#organization","name":"IASEIE - THE INTERNACIONAL ASSOCIATION OF SCIENCE, ETHICS AND INTEGRATED EDUCATION","url":"https:\/\/congressinterceei.com\/iaseie\/","logo":{"@type":"ImageObject","inLanguage":"en-US","@id":"https:\/\/congressinterceei.com\/iaseie\/#\/schema\/logo\/image\/","url":"https:\/\/congressinterceei.com\/iaseie\/wp-content\/uploads\/2019\/09\/logo_iaseie.png","contentUrl":"https:\/\/congressinterceei.com\/iaseie\/wp-content\/uploads\/2019\/09\/logo_iaseie.png","width":820,"height":450,"caption":"IASEIE - THE INTERNACIONAL ASSOCIATION OF SCIENCE, ETHICS AND INTEGRATED EDUCATION"},"image":{"@id":"https:\/\/congressinterceei.com\/iaseie\/#\/schema\/logo\/image\/"},"sameAs":["https:\/\/www.facebook.com\/internationalaseieusa\/","https:\/\/www.youtube.com\/channel\/UCJ7efGfZQHrdxLj4Jscu6Vg","https:\/\/www.instagram.com\/iaseieinternacional"]},{"@type":"Person","@id":"https:\/\/congressinterceei.com\/iaseie\/#\/schema\/person\/fe6662263455379bbf6ab12ad6411c90","name":"Direto da Reda\u00e7\u00e3o","image":{"@type":"ImageObject","inLanguage":"en-US","@id":"https:\/\/congressinterceei.com\/iaseie\/#\/schema\/person\/image\/","url":"https:\/\/secure.gravatar.com\/avatar\/2496052b679cd00bc0c7ef16490273ae?s=96&d=mm&r=g","contentUrl":"https:\/\/secure.gravatar.com\/avatar\/2496052b679cd00bc0c7ef16490273ae?s=96&d=mm&r=g","caption":"Direto da Reda\u00e7\u00e3o"},"url":"https:\/\/congressinterceei.com\/iaseie\/index.php\/author\/congressinterceei\/"}]}},"_links":{"self":[{"href":"https:\/\/congressinterceei.com\/iaseie\/index.php\/wp-json\/wp\/v2\/posts\/1405"}],"collection":[{"href":"https:\/\/congressinterceei.com\/iaseie\/index.php\/wp-json\/wp\/v2\/posts"}],"about":[{"href":"https:\/\/congressinterceei.com\/iaseie\/index.php\/wp-json\/wp\/v2\/types\/post"}],"author":[{"embeddable":true,"href":"https:\/\/congressinterceei.com\/iaseie\/index.php\/wp-json\/wp\/v2\/users\/1"}],"replies":[{"embeddable":true,"href":"https:\/\/congressinterceei.com\/iaseie\/index.php\/wp-json\/wp\/v2\/comments?post=1405"}],"version-history":[{"count":9,"href":"https:\/\/congressinterceei.com\/iaseie\/index.php\/wp-json\/wp\/v2\/posts\/1405\/revisions"}],"predecessor-version":[{"id":1417,"href":"https:\/\/congressinterceei.com\/iaseie\/index.php\/wp-json\/wp\/v2\/posts\/1405\/revisions\/1417"}],"wp:featuredmedia":[{"embeddable":true,"href":"https:\/\/congressinterceei.com\/iaseie\/index.php\/wp-json\/wp\/v2\/media\/1406"}],"wp:attachment":[{"href":"https:\/\/congressinterceei.com\/iaseie\/index.php\/wp-json\/wp\/v2\/media?parent=1405"}],"wp:term":[{"taxonomy":"category","embeddable":true,"href":"https:\/\/congressinterceei.com\/iaseie\/index.php\/wp-json\/wp\/v2\/categories?post=1405"},{"taxonomy":"post_tag","embeddable":true,"href":"https:\/\/congressinterceei.com\/iaseie\/index.php\/wp-json\/wp\/v2\/tags?post=1405"}],"curies":[{"name":"wp","href":"https:\/\/api.w.org\/{rel}","templated":true}]}}