{"id":1437,"date":"2024-08-31T09:25:27","date_gmt":"2024-08-31T12:25:27","guid":{"rendered":"https:\/\/congressinterceei.com\/iaseie\/?p=1437"},"modified":"2024-08-31T09:28:23","modified_gmt":"2024-08-31T12:28:23","slug":"lancamento-do-livro-proposito-prosperidade-em-familia","status":"publish","type":"post","link":"https:\/\/congressinterceei.com\/iaseie\/index.php\/2024\/08\/31\/lancamento-do-livro-proposito-prosperidade-em-familia\/","title":{"rendered":"Lan\u00e7amento do Livro: Prop\u00f3sito &amp; Prosperidade em Fam\u00edlia"},"content":{"rendered":"\n<p>A for\u00e7a da palavra dos pais na educa\u00e7\u00e3o e realiza\u00e7\u00e3o dos filhos. Um relato autobiogr\u00e1fico de Dra. Gra\u00e7a Melo Ara\u00fajo.<br><br><strong>Data:<\/strong> 31 de Agosto de 2024.<br><strong>Local:<\/strong> International Conference HIGH LEVEL na University Central da Florida (UCF) &#8211; Orlando.<br> <\/p>\n\n\n\n<figure class=\"wp-block-video\"><video autoplay controls src=\"https:\/\/congressinterceei.com\/iaseie\/wp-content\/uploads\/2024\/08\/WhatsApp-Video-2024-08-31-at-08.38.09.mp4\"><\/video><\/figure>\n\n\n\n<hr class=\"wp-block-separator has-alpha-channel-opacity\"\/>\n\n\n\n<figure class=\"wp-block-gallery has-nested-images columns-default is-cropped wp-block-gallery-1 is-layout-flex wp-block-gallery-is-layout-flex\">\n<figure class=\"wp-block-image size-large\"><img loading=\"lazy\" decoding=\"async\" width=\"818\" height=\"1024\" data-id=\"1441\" src=\"https:\/\/congressinterceei.com\/iaseie\/wp-content\/uploads\/2024\/08\/WhatsApp-Image-2024-08-31-at-08.19.12-1-818x1024.jpeg\" alt=\"\" class=\"wp-image-1441\" srcset=\"https:\/\/congressinterceei.com\/iaseie\/wp-content\/uploads\/2024\/08\/WhatsApp-Image-2024-08-31-at-08.19.12-1-818x1024.jpeg 818w, https:\/\/congressinterceei.com\/iaseie\/wp-content\/uploads\/2024\/08\/WhatsApp-Image-2024-08-31-at-08.19.12-1-240x300.jpeg 240w, https:\/\/congressinterceei.com\/iaseie\/wp-content\/uploads\/2024\/08\/WhatsApp-Image-2024-08-31-at-08.19.12-1-768x961.jpeg 768w, https:\/\/congressinterceei.com\/iaseie\/wp-content\/uploads\/2024\/08\/WhatsApp-Image-2024-08-31-at-08.19.12-1.jpeg 1023w\" sizes=\"(max-width: 818px) 100vw, 818px\" \/><\/figure>\n\n\n\n<figure class=\"wp-block-image size-large\"><img loading=\"lazy\" decoding=\"async\" width=\"818\" height=\"1024\" data-id=\"1443\" src=\"https:\/\/congressinterceei.com\/iaseie\/wp-content\/uploads\/2024\/08\/WhatsApp-Image-2024-08-31-at-08.39.19-818x1024.jpeg\" alt=\"\" class=\"wp-image-1443\" srcset=\"https:\/\/congressinterceei.com\/iaseie\/wp-content\/uploads\/2024\/08\/WhatsApp-Image-2024-08-31-at-08.39.19-818x1024.jpeg 818w, https:\/\/congressinterceei.com\/iaseie\/wp-content\/uploads\/2024\/08\/WhatsApp-Image-2024-08-31-at-08.39.19-240x300.jpeg 240w, https:\/\/congressinterceei.com\/iaseie\/wp-content\/uploads\/2024\/08\/WhatsApp-Image-2024-08-31-at-08.39.19-768x961.jpeg 768w, https:\/\/congressinterceei.com\/iaseie\/wp-content\/uploads\/2024\/08\/WhatsApp-Image-2024-08-31-at-08.39.19.jpeg 1023w\" sizes=\"(max-width: 818px) 100vw, 818px\" \/><\/figure>\n\n\n\n<figure class=\"wp-block-image size-large\"><img loading=\"lazy\" decoding=\"async\" width=\"819\" height=\"1024\" data-id=\"1442\" src=\"https:\/\/congressinterceei.com\/iaseie\/wp-content\/uploads\/2024\/08\/WhatsApp-Image-2024-08-31-at-08.38.09-1-819x1024.jpeg\" alt=\"\" class=\"wp-image-1442\" srcset=\"https:\/\/congressinterceei.com\/iaseie\/wp-content\/uploads\/2024\/08\/WhatsApp-Image-2024-08-31-at-08.38.09-1-819x1024.jpeg 819w, https:\/\/congressinterceei.com\/iaseie\/wp-content\/uploads\/2024\/08\/WhatsApp-Image-2024-08-31-at-08.38.09-1-240x300.jpeg 240w, https:\/\/congressinterceei.com\/iaseie\/wp-content\/uploads\/2024\/08\/WhatsApp-Image-2024-08-31-at-08.38.09-1-768x960.jpeg 768w, https:\/\/congressinterceei.com\/iaseie\/wp-content\/uploads\/2024\/08\/WhatsApp-Image-2024-08-31-at-08.38.09-1.jpeg 1024w\" sizes=\"(max-width: 819px) 100vw, 819px\" \/><\/figure>\n<\/figure>\n","protected":false},"excerpt":{"rendered":"<p>A for\u00e7a da palavra dos pais na educa\u00e7\u00e3o e realiza\u00e7\u00e3o dos filhos. Um relato autobiogr\u00e1fico de Dra. Gra\u00e7a Melo Ara\u00fajo. Data: 31 de Agosto de 2024.Local: International Conference HIGH LEVEL na University Central da Florida (UCF) &#8211; Orlando.<\/p>\n","protected":false},"author":1,"featured_media":1439,"comment_status":"open","ping_status":"open","sticky":false,"template":"","format":"standard","meta":{"footnotes":""},"categories":[2],"tags":[191,189,29,188,144,190],"yoast_head":"<!-- This site is optimized with the Yoast SEO plugin v22.6 - https:\/\/yoast.com\/wordpress\/plugins\/seo\/ -->\n<title>Lan\u00e7amento do Livro: Prop\u00f3sito &amp; Prosperidade em Fam\u00edlia - IASEIE<\/title>\n<meta name=\"robots\" content=\"index, follow, max-snippet:-1, max-image-preview:large, max-video-preview:-1\" \/>\n<link rel=\"canonical\" href=\"https:\/\/congressinterceei.com\/iaseie\/index.php\/2024\/08\/31\/lancamento-do-livro-proposito-prosperidade-em-familia\/\" \/>\n<meta property=\"og:locale\" content=\"en_US\" \/>\n<meta property=\"og:type\" content=\"article\" \/>\n<meta property=\"og:title\" content=\"Lan\u00e7amento do Livro: Prop\u00f3sito &amp; Prosperidade em Fam\u00edlia - IASEIE\" \/>\n<meta property=\"og:description\" content=\"A for\u00e7a da palavra dos pais na educa\u00e7\u00e3o e realiza\u00e7\u00e3o dos filhos. Um relato autobiogr\u00e1fico de Dra. Gra\u00e7a Melo Ara\u00fajo. Data: 31 de Agosto de 2024.Local: International Conference HIGH LEVEL na University Central da Florida (UCF) &#8211; Orlando.\" \/>\n<meta property=\"og:url\" content=\"https:\/\/congressinterceei.com\/iaseie\/index.php\/2024\/08\/31\/lancamento-do-livro-proposito-prosperidade-em-familia\/\" \/>\n<meta property=\"og:site_name\" content=\"IASEIE\" \/>\n<meta property=\"article:publisher\" content=\"https:\/\/www.facebook.com\/internationalaseieusa\/\" \/>\n<meta property=\"article:published_time\" content=\"2024-08-31T12:25:27+00:00\" \/>\n<meta property=\"article:modified_time\" content=\"2024-08-31T12:28:23+00:00\" \/>\n<meta property=\"og:image\" content=\"https:\/\/congressinterceei.com\/iaseie\/wp-content\/uploads\/2024\/08\/WhatsApp-Image-2024-08-31-at-08.38.09.jpeg\" \/>\n\t<meta property=\"og:image:width\" content=\"1024\" \/>\n\t<meta property=\"og:image:height\" content=\"1280\" \/>\n\t<meta property=\"og:image:type\" content=\"image\/jpeg\" \/>\n<meta name=\"author\" content=\"Direto da Reda\u00e7\u00e3o\" \/>\n<meta name=\"twitter:card\" content=\"summary_large_image\" \/>\n<meta name=\"twitter:label1\" content=\"Written by\" \/>\n\t<meta name=\"twitter:data1\" content=\"Direto da Reda\u00e7\u00e3o\" \/>\n\t<meta name=\"twitter:label2\" content=\"Est. reading time\" \/>\n\t<meta name=\"twitter:data2\" content=\"1 minute\" \/>\n<script type=\"application\/ld+json\" class=\"yoast-schema-graph\">{\"@context\":\"https:\/\/schema.org\",\"@graph\":[{\"@type\":\"Article\",\"@id\":\"https:\/\/congressinterceei.com\/iaseie\/index.php\/2024\/08\/31\/lancamento-do-livro-proposito-prosperidade-em-familia\/#article\",\"isPartOf\":{\"@id\":\"https:\/\/congressinterceei.com\/iaseie\/index.php\/2024\/08\/31\/lancamento-do-livro-proposito-prosperidade-em-familia\/\"},\"author\":{\"name\":\"Direto da Reda\u00e7\u00e3o\",\"@id\":\"https:\/\/congressinterceei.com\/iaseie\/#\/schema\/person\/fe6662263455379bbf6ab12ad6411c90\"},\"headline\":\"Lan\u00e7amento do Livro: Prop\u00f3sito &amp; Prosperidade em Fam\u00edlia\",\"datePublished\":\"2024-08-31T12:25:27+00:00\",\"dateModified\":\"2024-08-31T12:28:23+00:00\",\"mainEntityOfPage\":{\"@id\":\"https:\/\/congressinterceei.com\/iaseie\/index.php\/2024\/08\/31\/lancamento-do-livro-proposito-prosperidade-em-familia\/\"},\"wordCount\":54,\"commentCount\":0,\"publisher\":{\"@id\":\"https:\/\/congressinterceei.com\/iaseie\/#organization\"},\"image\":{\"@id\":\"https:\/\/congressinterceei.com\/iaseie\/index.php\/2024\/08\/31\/lancamento-do-livro-proposito-prosperidade-em-familia\/#primaryimage\"},\"thumbnailUrl\":\"https:\/\/congressinterceei.com\/iaseie\/wp-content\/uploads\/2024\/08\/WhatsApp-Image-2024-08-31-at-08.38.09.jpeg\",\"keywords\":[\"Autobiogr\u00e1fico\",\"Dra. Gra\u00e7a Melo Ara\u00fajo\",\"fam\u00edlia\",\"Livri\",\"Prop\u00f3sito\",\"UCF\"],\"articleSection\":[\"News\"],\"inLanguage\":\"en-US\",\"potentialAction\":[{\"@type\":\"CommentAction\",\"name\":\"Comment\",\"target\":[\"https:\/\/congressinterceei.com\/iaseie\/index.php\/2024\/08\/31\/lancamento-do-livro-proposito-prosperidade-em-familia\/#respond\"]}]},{\"@type\":\"WebPage\",\"@id\":\"https:\/\/congressinterceei.com\/iaseie\/index.php\/2024\/08\/31\/lancamento-do-livro-proposito-prosperidade-em-familia\/\",\"url\":\"https:\/\/congressinterceei.com\/iaseie\/index.php\/2024\/08\/31\/lancamento-do-livro-proposito-prosperidade-em-familia\/\",\"name\":\"Lan\u00e7amento do Livro: Prop\u00f3sito &amp; Prosperidade em Fam\u00edlia - IASEIE\",\"isPartOf\":{\"@id\":\"https:\/\/congressinterceei.com\/iaseie\/#website\"},\"primaryImageOfPage\":{\"@id\":\"https:\/\/congressinterceei.com\/iaseie\/index.php\/2024\/08\/31\/lancamento-do-livro-proposito-prosperidade-em-familia\/#primaryimage\"},\"image\":{\"@id\":\"https:\/\/congressinterceei.com\/iaseie\/index.php\/2024\/08\/31\/lancamento-do-livro-proposito-prosperidade-em-familia\/#primaryimage\"},\"thumbnailUrl\":\"https:\/\/congressinterceei.com\/iaseie\/wp-content\/uploads\/2024\/08\/WhatsApp-Image-2024-08-31-at-08.38.09.jpeg\",\"datePublished\":\"2024-08-31T12:25:27+00:00\",\"dateModified\":\"2024-08-31T12:28:23+00:00\",\"breadcrumb\":{\"@id\":\"https:\/\/congressinterceei.com\/iaseie\/index.php\/2024\/08\/31\/lancamento-do-livro-proposito-prosperidade-em-familia\/#breadcrumb\"},\"inLanguage\":\"en-US\",\"potentialAction\":[{\"@type\":\"ReadAction\",\"target\":[\"https:\/\/congressinterceei.com\/iaseie\/index.php\/2024\/08\/31\/lancamento-do-livro-proposito-prosperidade-em-familia\/\"]}]},{\"@type\":\"ImageObject\",\"inLanguage\":\"en-US\",\"@id\":\"https:\/\/congressinterceei.com\/iaseie\/index.php\/2024\/08\/31\/lancamento-do-livro-proposito-prosperidade-em-familia\/#primaryimage\",\"url\":\"https:\/\/congressinterceei.com\/iaseie\/wp-content\/uploads\/2024\/08\/WhatsApp-Image-2024-08-31-at-08.38.09.jpeg\",\"contentUrl\":\"https:\/\/congressinterceei.com\/iaseie\/wp-content\/uploads\/2024\/08\/WhatsApp-Image-2024-08-31-at-08.38.09.jpeg\",\"width\":1024,\"height\":1280},{\"@type\":\"BreadcrumbList\",\"@id\":\"https:\/\/congressinterceei.com\/iaseie\/index.php\/2024\/08\/31\/lancamento-do-livro-proposito-prosperidade-em-familia\/#breadcrumb\",\"itemListElement\":[{\"@type\":\"ListItem\",\"position\":1,\"name\":\"Home\",\"item\":\"https:\/\/congressinterceei.com\/iaseie\/\"},{\"@type\":\"ListItem\",\"position\":2,\"name\":\"Lan\u00e7amento do Livro: Prop\u00f3sito &amp; Prosperidade em Fam\u00edlia\"}]},{\"@type\":\"WebSite\",\"@id\":\"https:\/\/congressinterceei.com\/iaseie\/#website\",\"url\":\"https:\/\/congressinterceei.com\/iaseie\/\",\"name\":\"IASEIE\",\"description\":\"THE INTERNACIONAL ASSOCIATION OF SCIENCE, ETHICS AND INTEGRATED EDUCATION\",\"publisher\":{\"@id\":\"https:\/\/congressinterceei.com\/iaseie\/#organization\"},\"potentialAction\":[{\"@type\":\"SearchAction\",\"target\":{\"@type\":\"EntryPoint\",\"urlTemplate\":\"https:\/\/congressinterceei.com\/iaseie\/?s={search_term_string}\"},\"query-input\":\"required name=search_term_string\"}],\"inLanguage\":\"en-US\"},{\"@type\":\"Organization\",\"@id\":\"https:\/\/congressinterceei.com\/iaseie\/#organization\",\"name\":\"IASEIE - THE INTERNACIONAL ASSOCIATION OF SCIENCE, ETHICS AND INTEGRATED EDUCATION\",\"url\":\"https:\/\/congressinterceei.com\/iaseie\/\",\"logo\":{\"@type\":\"ImageObject\",\"inLanguage\":\"en-US\",\"@id\":\"https:\/\/congressinterceei.com\/iaseie\/#\/schema\/logo\/image\/\",\"url\":\"https:\/\/congressinterceei.com\/iaseie\/wp-content\/uploads\/2019\/09\/logo_iaseie.png\",\"contentUrl\":\"https:\/\/congressinterceei.com\/iaseie\/wp-content\/uploads\/2019\/09\/logo_iaseie.png\",\"width\":820,\"height\":450,\"caption\":\"IASEIE - THE INTERNACIONAL ASSOCIATION OF SCIENCE, ETHICS AND INTEGRATED EDUCATION\"},\"image\":{\"@id\":\"https:\/\/congressinterceei.com\/iaseie\/#\/schema\/logo\/image\/\"},\"sameAs\":[\"https:\/\/www.facebook.com\/internationalaseieusa\/\",\"https:\/\/www.youtube.com\/channel\/UCJ7efGfZQHrdxLj4Jscu6Vg\",\"https:\/\/www.instagram.com\/iaseieinternacional\"]},{\"@type\":\"Person\",\"@id\":\"https:\/\/congressinterceei.com\/iaseie\/#\/schema\/person\/fe6662263455379bbf6ab12ad6411c90\",\"name\":\"Direto da Reda\u00e7\u00e3o\",\"image\":{\"@type\":\"ImageObject\",\"inLanguage\":\"en-US\",\"@id\":\"https:\/\/congressinterceei.com\/iaseie\/#\/schema\/person\/image\/\",\"url\":\"https:\/\/secure.gravatar.com\/avatar\/2496052b679cd00bc0c7ef16490273ae?s=96&d=mm&r=g\",\"contentUrl\":\"https:\/\/secure.gravatar.com\/avatar\/2496052b679cd00bc0c7ef16490273ae?s=96&d=mm&r=g\",\"caption\":\"Direto da Reda\u00e7\u00e3o\"},\"url\":\"https:\/\/congressinterceei.com\/iaseie\/index.php\/author\/congressinterceei\/\"}]}<\/script>\n<!-- \/ Yoast SEO plugin. -->","yoast_head_json":{"title":"Lan\u00e7amento do Livro: Prop\u00f3sito &amp; Prosperidade em Fam\u00edlia - IASEIE","robots":{"index":"index","follow":"follow","max-snippet":"max-snippet:-1","max-image-preview":"max-image-preview:large","max-video-preview":"max-video-preview:-1"},"canonical":"https:\/\/congressinterceei.com\/iaseie\/index.php\/2024\/08\/31\/lancamento-do-livro-proposito-prosperidade-em-familia\/","og_locale":"en_US","og_type":"article","og_title":"Lan\u00e7amento do Livro: Prop\u00f3sito &amp; Prosperidade em Fam\u00edlia - IASEIE","og_description":"A for\u00e7a da palavra dos pais na educa\u00e7\u00e3o e realiza\u00e7\u00e3o dos filhos. Um relato autobiogr\u00e1fico de Dra. Gra\u00e7a Melo Ara\u00fajo. Data: 31 de Agosto de 2024.Local: International Conference HIGH LEVEL na University Central da Florida (UCF) &#8211; Orlando.","og_url":"https:\/\/congressinterceei.com\/iaseie\/index.php\/2024\/08\/31\/lancamento-do-livro-proposito-prosperidade-em-familia\/","og_site_name":"IASEIE","article_publisher":"https:\/\/www.facebook.com\/internationalaseieusa\/","article_published_time":"2024-08-31T12:25:27+00:00","article_modified_time":"2024-08-31T12:28:23+00:00","og_image":[{"width":1024,"height":1280,"url":"https:\/\/congressinterceei.com\/iaseie\/wp-content\/uploads\/2024\/08\/WhatsApp-Image-2024-08-31-at-08.38.09.jpeg","type":"image\/jpeg"}],"author":"Direto da Reda\u00e7\u00e3o","twitter_card":"summary_large_image","twitter_misc":{"Written by":"Direto da Reda\u00e7\u00e3o","Est. reading time":"1 minute"},"schema":{"@context":"https:\/\/schema.org","@graph":[{"@type":"Article","@id":"https:\/\/congressinterceei.com\/iaseie\/index.php\/2024\/08\/31\/lancamento-do-livro-proposito-prosperidade-em-familia\/#article","isPartOf":{"@id":"https:\/\/congressinterceei.com\/iaseie\/index.php\/2024\/08\/31\/lancamento-do-livro-proposito-prosperidade-em-familia\/"},"author":{"name":"Direto da Reda\u00e7\u00e3o","@id":"https:\/\/congressinterceei.com\/iaseie\/#\/schema\/person\/fe6662263455379bbf6ab12ad6411c90"},"headline":"Lan\u00e7amento do Livro: Prop\u00f3sito &amp; Prosperidade em Fam\u00edlia","datePublished":"2024-08-31T12:25:27+00:00","dateModified":"2024-08-31T12:28:23+00:00","mainEntityOfPage":{"@id":"https:\/\/congressinterceei.com\/iaseie\/index.php\/2024\/08\/31\/lancamento-do-livro-proposito-prosperidade-em-familia\/"},"wordCount":54,"commentCount":0,"publisher":{"@id":"https:\/\/congressinterceei.com\/iaseie\/#organization"},"image":{"@id":"https:\/\/congressinterceei.com\/iaseie\/index.php\/2024\/08\/31\/lancamento-do-livro-proposito-prosperidade-em-familia\/#primaryimage"},"thumbnailUrl":"https:\/\/congressinterceei.com\/iaseie\/wp-content\/uploads\/2024\/08\/WhatsApp-Image-2024-08-31-at-08.38.09.jpeg","keywords":["Autobiogr\u00e1fico","Dra. Gra\u00e7a Melo Ara\u00fajo","fam\u00edlia","Livri","Prop\u00f3sito","UCF"],"articleSection":["News"],"inLanguage":"en-US","potentialAction":[{"@type":"CommentAction","name":"Comment","target":["https:\/\/congressinterceei.com\/iaseie\/index.php\/2024\/08\/31\/lancamento-do-livro-proposito-prosperidade-em-familia\/#respond"]}]},{"@type":"WebPage","@id":"https:\/\/congressinterceei.com\/iaseie\/index.php\/2024\/08\/31\/lancamento-do-livro-proposito-prosperidade-em-familia\/","url":"https:\/\/congressinterceei.com\/iaseie\/index.php\/2024\/08\/31\/lancamento-do-livro-proposito-prosperidade-em-familia\/","name":"Lan\u00e7amento do Livro: Prop\u00f3sito &amp; Prosperidade em Fam\u00edlia - IASEIE","isPartOf":{"@id":"https:\/\/congressinterceei.com\/iaseie\/#website"},"primaryImageOfPage":{"@id":"https:\/\/congressinterceei.com\/iaseie\/index.php\/2024\/08\/31\/lancamento-do-livro-proposito-prosperidade-em-familia\/#primaryimage"},"image":{"@id":"https:\/\/congressinterceei.com\/iaseie\/index.php\/2024\/08\/31\/lancamento-do-livro-proposito-prosperidade-em-familia\/#primaryimage"},"thumbnailUrl":"https:\/\/congressinterceei.com\/iaseie\/wp-content\/uploads\/2024\/08\/WhatsApp-Image-2024-08-31-at-08.38.09.jpeg","datePublished":"2024-08-31T12:25:27+00:00","dateModified":"2024-08-31T12:28:23+00:00","breadcrumb":{"@id":"https:\/\/congressinterceei.com\/iaseie\/index.php\/2024\/08\/31\/lancamento-do-livro-proposito-prosperidade-em-familia\/#breadcrumb"},"inLanguage":"en-US","potentialAction":[{"@type":"ReadAction","target":["https:\/\/congressinterceei.com\/iaseie\/index.php\/2024\/08\/31\/lancamento-do-livro-proposito-prosperidade-em-familia\/"]}]},{"@type":"ImageObject","inLanguage":"en-US","@id":"https:\/\/congressinterceei.com\/iaseie\/index.php\/2024\/08\/31\/lancamento-do-livro-proposito-prosperidade-em-familia\/#primaryimage","url":"https:\/\/congressinterceei.com\/iaseie\/wp-content\/uploads\/2024\/08\/WhatsApp-Image-2024-08-31-at-08.38.09.jpeg","contentUrl":"https:\/\/congressinterceei.com\/iaseie\/wp-content\/uploads\/2024\/08\/WhatsApp-Image-2024-08-31-at-08.38.09.jpeg","width":1024,"height":1280},{"@type":"BreadcrumbList","@id":"https:\/\/congressinterceei.com\/iaseie\/index.php\/2024\/08\/31\/lancamento-do-livro-proposito-prosperidade-em-familia\/#breadcrumb","itemListElement":[{"@type":"ListItem","position":1,"name":"Home","item":"https:\/\/congressinterceei.com\/iaseie\/"},{"@type":"ListItem","position":2,"name":"Lan\u00e7amento do Livro: Prop\u00f3sito &amp; Prosperidade em Fam\u00edlia"}]},{"@type":"WebSite","@id":"https:\/\/congressinterceei.com\/iaseie\/#website","url":"https:\/\/congressinterceei.com\/iaseie\/","name":"IASEIE","description":"THE INTERNACIONAL ASSOCIATION OF SCIENCE, ETHICS AND INTEGRATED EDUCATION","publisher":{"@id":"https:\/\/congressinterceei.com\/iaseie\/#organization"},"potentialAction":[{"@type":"SearchAction","target":{"@type":"EntryPoint","urlTemplate":"https:\/\/congressinterceei.com\/iaseie\/?s={search_term_string}"},"query-input":"required name=search_term_string"}],"inLanguage":"en-US"},{"@type":"Organization","@id":"https:\/\/congressinterceei.com\/iaseie\/#organization","name":"IASEIE - THE INTERNACIONAL ASSOCIATION OF SCIENCE, ETHICS AND INTEGRATED EDUCATION","url":"https:\/\/congressinterceei.com\/iaseie\/","logo":{"@type":"ImageObject","inLanguage":"en-US","@id":"https:\/\/congressinterceei.com\/iaseie\/#\/schema\/logo\/image\/","url":"https:\/\/congressinterceei.com\/iaseie\/wp-content\/uploads\/2019\/09\/logo_iaseie.png","contentUrl":"https:\/\/congressinterceei.com\/iaseie\/wp-content\/uploads\/2019\/09\/logo_iaseie.png","width":820,"height":450,"caption":"IASEIE - THE INTERNACIONAL ASSOCIATION OF SCIENCE, ETHICS AND INTEGRATED EDUCATION"},"image":{"@id":"https:\/\/congressinterceei.com\/iaseie\/#\/schema\/logo\/image\/"},"sameAs":["https:\/\/www.facebook.com\/internationalaseieusa\/","https:\/\/www.youtube.com\/channel\/UCJ7efGfZQHrdxLj4Jscu6Vg","https:\/\/www.instagram.com\/iaseieinternacional"]},{"@type":"Person","@id":"https:\/\/congressinterceei.com\/iaseie\/#\/schema\/person\/fe6662263455379bbf6ab12ad6411c90","name":"Direto da Reda\u00e7\u00e3o","image":{"@type":"ImageObject","inLanguage":"en-US","@id":"https:\/\/congressinterceei.com\/iaseie\/#\/schema\/person\/image\/","url":"https:\/\/secure.gravatar.com\/avatar\/2496052b679cd00bc0c7ef16490273ae?s=96&d=mm&r=g","contentUrl":"https:\/\/secure.gravatar.com\/avatar\/2496052b679cd00bc0c7ef16490273ae?s=96&d=mm&r=g","caption":"Direto da Reda\u00e7\u00e3o"},"url":"https:\/\/congressinterceei.com\/iaseie\/index.php\/author\/congressinterceei\/"}]}},"_links":{"self":[{"href":"https:\/\/congressinterceei.com\/iaseie\/index.php\/wp-json\/wp\/v2\/posts\/1437"}],"collection":[{"href":"https:\/\/congressinterceei.com\/iaseie\/index.php\/wp-json\/wp\/v2\/posts"}],"about":[{"href":"https:\/\/congressinterceei.com\/iaseie\/index.php\/wp-json\/wp\/v2\/types\/post"}],"author":[{"embeddable":true,"href":"https:\/\/congressinterceei.com\/iaseie\/index.php\/wp-json\/wp\/v2\/users\/1"}],"replies":[{"embeddable":true,"href":"https:\/\/congressinterceei.com\/iaseie\/index.php\/wp-json\/wp\/v2\/comments?post=1437"}],"version-history":[{"count":3,"href":"https:\/\/congressinterceei.com\/iaseie\/index.php\/wp-json\/wp\/v2\/posts\/1437\/revisions"}],"predecessor-version":[{"id":1446,"href":"https:\/\/congressinterceei.com\/iaseie\/index.php\/wp-json\/wp\/v2\/posts\/1437\/revisions\/1446"}],"wp:featuredmedia":[{"embeddable":true,"href":"https:\/\/congressinterceei.com\/iaseie\/index.php\/wp-json\/wp\/v2\/media\/1439"}],"wp:attachment":[{"href":"https:\/\/congressinterceei.com\/iaseie\/index.php\/wp-json\/wp\/v2\/media?parent=1437"}],"wp:term":[{"taxonomy":"category","embeddable":true,"href":"https:\/\/congressinterceei.com\/iaseie\/index.php\/wp-json\/wp\/v2\/categories?post=1437"},{"taxonomy":"post_tag","embeddable":true,"href":"https:\/\/congressinterceei.com\/iaseie\/index.php\/wp-json\/wp\/v2\/tags?post=1437"}],"curies":[{"name":"wp","href":"https:\/\/api.w.org\/{rel}","templated":true}]}}