{"id":1464,"date":"2025-09-15T07:11:17","date_gmt":"2025-09-15T10:11:17","guid":{"rendered":"https:\/\/congressinterceei.com\/iaseie\/?p=1464"},"modified":"2025-09-15T07:13:03","modified_gmt":"2025-09-15T10:13:03","slug":"rodada-de-negocio-internacional-evento-virtual-plataforma-global-pablo-marcal-eua","status":"publish","type":"post","link":"https:\/\/congressinterceei.com\/iaseie\/index.php\/2025\/09\/15\/rodada-de-negocio-internacional-evento-virtual-plataforma-global-pablo-marcal-eua\/","title":{"rendered":"RODADA DE NEG\u00d3CIO INTERNACIONAL &#8211; EVENTO VIRTUAL PLATAFORMA GLOBAL PABLO MAR\u00c7AL EUA"},"content":{"rendered":"\n<p>13 set &#8211; 2025 \u2022 11:30 > 15 set &#8211; 2025 \u2022 22:12. Evento Online via Google Meet.<\/p>\n\n\n\n<h3 class=\"wp-block-heading\">Descri\u00e7\u00e3o do evento<\/h3>\n\n\n\n<p>&nbsp;<strong>Rodada de Neg\u00f3cios Internacional<\/strong><\/p>\n\n\n\n<p>Participe de um encontro exclusivo que conecta branding&nbsp;<strong>Brasil e Estados Unidos<\/strong>, promovendo trocas estrat\u00e9gicas e oportunidades reais de crescimento empresarial. Direto da plataforma interncional do Pablo Mar\u00e7al Eua.&nbsp;<\/p>\n\n\n\n<p>&nbsp;<strong>Hor\u00e1rio:<\/strong><\/p>\n\n\n\n<ul>\n<li><strong>20h (Brasil)<\/strong><\/li>\n\n\n\n<li><strong>19h (Estados Unidos)<\/strong><\/li>\n<\/ul>\n\n\n\n<p>&nbsp;<strong>Onde:<\/strong>&nbsp;Plataforma Global do Pablo Mar\u00e7al Estados Unidos! via online pelo meet.&nbsp;<\/p>\n\n\n\n<p>Nesta rodada internacional, voc\u00ea poder\u00e1:<br>Apresentar seu neg\u00f3cio para empreendedores e investidores de diferentes pa\u00edses;<br>Criar conex\u00f5es valiosas e parcerias estrat\u00e9gicas;<br>Ampliar sua rede de contatos em n\u00edvel global;<br>Viver a experi\u00eancia de networking internacional sem sair de casa.<\/p>\n\n\n\n<p>\u00a0<strong>Uma ponte direta entre mercados, ideias e oportunidades, que transforma conex\u00f5es em conquistas.<\/strong><br><br><\/p>\n\n\n\n<figure class=\"wp-block-image size-large\"><img loading=\"lazy\" decoding=\"async\" width=\"819\" height=\"1024\" src=\"https:\/\/congressinterceei.com\/iaseie\/wp-content\/uploads\/2025\/09\/WhatsApp-Image-2025-09-14-at-23.55.44-819x1024.jpeg\" alt=\"\" class=\"wp-image-1465\" srcset=\"https:\/\/congressinterceei.com\/iaseie\/wp-content\/uploads\/2025\/09\/WhatsApp-Image-2025-09-14-at-23.55.44-819x1024.jpeg 819w, https:\/\/congressinterceei.com\/iaseie\/wp-content\/uploads\/2025\/09\/WhatsApp-Image-2025-09-14-at-23.55.44-240x300.jpeg 240w, https:\/\/congressinterceei.com\/iaseie\/wp-content\/uploads\/2025\/09\/WhatsApp-Image-2025-09-14-at-23.55.44-768x960.jpeg 768w, https:\/\/congressinterceei.com\/iaseie\/wp-content\/uploads\/2025\/09\/WhatsApp-Image-2025-09-14-at-23.55.44.jpeg 1080w\" sizes=\"(max-width: 819px) 100vw, 819px\" \/><\/figure>\n\n\n\n<p><br><br>Palestrante convidada:\u00a0Dra. Maria das Gra\u00e7as Melo de Araujo, neuropediatra especialista, mestre e doutora, atua entre Orlando, FL \u2013 EUA , Brasil e Europa,\u00a0com 77 anos de idade. Graduou-se em Medicina pela UFRN (1971), com resid\u00eancia e especializa\u00e7\u00e3o em Pediatria, Neurologia e Neuropediatria (HSE\/RJ, PUC\/RJ, USP\/SP), acumulando 45 anos de experi\u00eancia no Brasil. \u00c9 Analista de Perfil Comportamental (SOAR \u2013 University FCU\/Orlando) e atualmente cursa P\u00f3s-Doutorado em Educa\u00e7\u00e3o e Desenvolvimento da Crian\u00e7a na FCU\/Orlando. Em 2012, foi convidada para presidir o 3\u00ba Congresso Internacional da IASEIE, realizado em Arlington, VA (2013), e entre 2013 e 2016 concluiu forma\u00e7\u00e3o em Lideran\u00e7a Internacional no International Leadership Institute. Em 2016, registrou a filial americana da IASEIE como Presidente, atuando ao lado de professoras da Liberty University, e desde 2021, residente nos EUA.\u00a0<\/p>\n\n\n\n<p><a href=\"https:\/\/www.sympla.com.br\/evento-online\/rodada-de-negocio-internacional-evento-virtual-plataforma-global-pablo-marcal-eua\/3121298\"><strong>Inscreva-se AQUI<\/strong><\/a><br><\/p>\n\n\n\n<hr class=\"wp-block-separator has-alpha-channel-opacity\"\/>\n","protected":false},"excerpt":{"rendered":"<p>13 set &#8211; 2025 \u2022 11:30 > 15 set &#8211; 2025 \u2022 22:12. Evento Online via Google Meet. Descri\u00e7\u00e3o do evento &nbsp;Rodada de Neg\u00f3cios Internacional Participe de um encontro exclusivo que conecta branding&nbsp;Brasil e Estados Unidos, promovendo trocas estrat\u00e9gicas e oportunidades reais de crescimento empresarial. Direto da plataforma interncional do Pablo Mar\u00e7al Eua.&nbsp; &nbsp;Hor\u00e1rio: &nbsp;Onde:&nbsp;Plataforma Global do Pablo Mar\u00e7al Estados Unidos! via online pelo meet.&nbsp; Nesta rodada internacional, voc\u00ea poder\u00e1:Apresentar seu neg\u00f3cio para empreendedores e investidores de diferentes pa\u00edses;Criar conex\u00f5es valiosas e parcerias estrat\u00e9gicas;Ampliar sua rede de contatos em n\u00edvel global;Viver a experi\u00eancia de networking internacional sem sair de casa. \u00a0Uma ponte direta entre mercados, ideias e oportunidades, que transforma conex\u00f5es em conquistas. Palestrante convidada:\u00a0Dra. Maria das Gra\u00e7as Melo de Araujo, neuropediatra especialista, mestre e doutora, atua entre Orlando, FL \u2013 EUA , Brasil e Europa,\u00a0com 77 anos de idade. Graduou-se em Medicina pela UFRN (1971), com resid\u00eancia e especializa\u00e7\u00e3o em Pediatria, Neurologia e Neuropediatria (HSE\/RJ, PUC\/RJ, USP\/SP), acumulando 45 anos de experi\u00eancia no Brasil. \u00c9 Analista de Perfil Comportamental (SOAR \u2013 University FCU\/Orlando) e atualmente cursa P\u00f3s-Doutorado em Educa\u00e7\u00e3o e Desenvolvimento da Crian\u00e7a na FCU\/Orlando. Em 2012, foi convidada para presidir o 3\u00ba Congresso Internacional da IASEIE, realizado em Arlington, VA (2013), e entre 2013 e 2016 concluiu forma\u00e7\u00e3o em Lideran\u00e7a Internacional no International Leadership Institute. Em 2016, registrou a filial americana da IASEIE como Presidente, atuando ao lado de professoras da Liberty University, e desde 2021, residente nos EUA.\u00a0 Inscreva-se AQUI<\/p>\n","protected":false},"author":1,"featured_media":1466,"comment_status":"open","ping_status":"open","sticky":false,"template":"","format":"standard","meta":{"footnotes":""},"categories":[2],"tags":[198,201,196,197,202,203,200,195,199,194,193],"yoast_head":"<!-- This site is optimized with the Yoast SEO plugin v22.6 - https:\/\/yoast.com\/wordpress\/plugins\/seo\/ -->\n<title>RODADA DE NEG\u00d3CIO INTERNACIONAL - EVENTO VIRTUAL PLATAFORMA GLOBAL PABLO MAR\u00c7AL EUA - IASEIE<\/title>\n<meta name=\"robots\" content=\"index, follow, max-snippet:-1, max-image-preview:large, max-video-preview:-1\" \/>\n<link rel=\"canonical\" href=\"https:\/\/congressinterceei.com\/iaseie\/index.php\/2025\/09\/15\/rodada-de-negocio-internacional-evento-virtual-plataforma-global-pablo-marcal-eua\/\" \/>\n<meta property=\"og:locale\" content=\"en_US\" \/>\n<meta property=\"og:type\" content=\"article\" \/>\n<meta property=\"og:title\" content=\"RODADA DE NEG\u00d3CIO INTERNACIONAL - EVENTO VIRTUAL PLATAFORMA GLOBAL PABLO MAR\u00c7AL EUA - IASEIE\" \/>\n<meta property=\"og:description\" content=\"13 set &#8211; 2025 \u2022 11:30 &gt; 15 set &#8211; 2025 \u2022 22:12. Evento Online via Google Meet. Descri\u00e7\u00e3o do evento &nbsp;Rodada de Neg\u00f3cios Internacional Participe de um encontro exclusivo que conecta branding&nbsp;Brasil e Estados Unidos, promovendo trocas estrat\u00e9gicas e oportunidades reais de crescimento empresarial. Direto da plataforma interncional do Pablo Mar\u00e7al Eua.&nbsp; &nbsp;Hor\u00e1rio: &nbsp;Onde:&nbsp;Plataforma Global do Pablo Mar\u00e7al Estados Unidos! via online pelo meet.&nbsp; Nesta rodada internacional, voc\u00ea poder\u00e1:Apresentar seu neg\u00f3cio para empreendedores e investidores de diferentes pa\u00edses;Criar conex\u00f5es valiosas e parcerias estrat\u00e9gicas;Ampliar sua rede de contatos em n\u00edvel global;Viver a experi\u00eancia de networking internacional sem sair de casa. \u00a0Uma ponte direta entre mercados, ideias e oportunidades, que transforma conex\u00f5es em conquistas. Palestrante convidada:\u00a0Dra. Maria das Gra\u00e7as Melo de Araujo, neuropediatra especialista, mestre e doutora, atua entre Orlando, FL \u2013 EUA , Brasil e Europa,\u00a0com 77 anos de idade. Graduou-se em Medicina pela UFRN (1971), com resid\u00eancia e especializa\u00e7\u00e3o em Pediatria, Neurologia e Neuropediatria (HSE\/RJ, PUC\/RJ, USP\/SP), acumulando 45 anos de experi\u00eancia no Brasil. \u00c9 Analista de Perfil Comportamental (SOAR \u2013 University FCU\/Orlando) e atualmente cursa P\u00f3s-Doutorado em Educa\u00e7\u00e3o e Desenvolvimento da Crian\u00e7a na FCU\/Orlando. Em 2012, foi convidada para presidir o 3\u00ba Congresso Internacional da IASEIE, realizado em Arlington, VA (2013), e entre 2013 e 2016 concluiu forma\u00e7\u00e3o em Lideran\u00e7a Internacional no International Leadership Institute. Em 2016, registrou a filial americana da IASEIE como Presidente, atuando ao lado de professoras da Liberty University, e desde 2021, residente nos EUA.\u00a0 Inscreva-se AQUI\" \/>\n<meta property=\"og:url\" content=\"https:\/\/congressinterceei.com\/iaseie\/index.php\/2025\/09\/15\/rodada-de-negocio-internacional-evento-virtual-plataforma-global-pablo-marcal-eua\/\" \/>\n<meta property=\"og:site_name\" content=\"IASEIE\" \/>\n<meta property=\"article:publisher\" content=\"https:\/\/www.facebook.com\/internationalaseieusa\/\" \/>\n<meta property=\"article:published_time\" content=\"2025-09-15T10:11:17+00:00\" \/>\n<meta property=\"article:modified_time\" content=\"2025-09-15T10:13:03+00:00\" \/>\n<meta property=\"og:image\" content=\"https:\/\/congressinterceei.com\/iaseie\/wp-content\/uploads\/2025\/09\/68c57f2ca50d9-lg.jpg\" \/>\n\t<meta property=\"og:image:width\" content=\"1400\" \/>\n\t<meta property=\"og:image:height\" content=\"733\" \/>\n\t<meta property=\"og:image:type\" content=\"image\/jpeg\" \/>\n<meta name=\"author\" content=\"Direto da Reda\u00e7\u00e3o\" \/>\n<meta name=\"twitter:card\" content=\"summary_large_image\" \/>\n<meta name=\"twitter:label1\" content=\"Written by\" \/>\n\t<meta name=\"twitter:data1\" content=\"Direto da Reda\u00e7\u00e3o\" \/>\n\t<meta name=\"twitter:label2\" content=\"Est. reading time\" \/>\n\t<meta name=\"twitter:data2\" content=\"2 minutes\" \/>\n<script type=\"application\/ld+json\" class=\"yoast-schema-graph\">{\"@context\":\"https:\/\/schema.org\",\"@graph\":[{\"@type\":\"Article\",\"@id\":\"https:\/\/congressinterceei.com\/iaseie\/index.php\/2025\/09\/15\/rodada-de-negocio-internacional-evento-virtual-plataforma-global-pablo-marcal-eua\/#article\",\"isPartOf\":{\"@id\":\"https:\/\/congressinterceei.com\/iaseie\/index.php\/2025\/09\/15\/rodada-de-negocio-internacional-evento-virtual-plataforma-global-pablo-marcal-eua\/\"},\"author\":{\"name\":\"Direto da Reda\u00e7\u00e3o\",\"@id\":\"https:\/\/congressinterceei.com\/iaseie\/#\/schema\/person\/fe6662263455379bbf6ab12ad6411c90\"},\"headline\":\"RODADA DE NEG\u00d3CIO INTERNACIONAL &#8211; EVENTO VIRTUAL PLATAFORMA GLOBAL PABLO MAR\u00c7AL EUA\",\"datePublished\":\"2025-09-15T10:11:17+00:00\",\"dateModified\":\"2025-09-15T10:13:03+00:00\",\"mainEntityOfPage\":{\"@id\":\"https:\/\/congressinterceei.com\/iaseie\/index.php\/2025\/09\/15\/rodada-de-negocio-internacional-evento-virtual-plataforma-global-pablo-marcal-eua\/\"},\"wordCount\":281,\"commentCount\":0,\"publisher\":{\"@id\":\"https:\/\/congressinterceei.com\/iaseie\/#organization\"},\"image\":{\"@id\":\"https:\/\/congressinterceei.com\/iaseie\/index.php\/2025\/09\/15\/rodada-de-negocio-internacional-evento-virtual-plataforma-global-pablo-marcal-eua\/#primaryimage\"},\"thumbnailUrl\":\"https:\/\/congressinterceei.com\/iaseie\/wp-content\/uploads\/2025\/09\/68c57f2ca50d9-lg.jpg\",\"keywords\":[\"Brasil\",\"empreendedores\",\"EUA\",\"EVENTO VIRTUAL\",\"Investidores\",\"networking\",\"oportunidades\",\"PABLO MAR\u00c7AL\",\"parcerias estrat\u00e9gicas\",\"PLATAFORMA GLOBAL\",\"RODADA DE NEG\u00d3CIOS\"],\"articleSection\":[\"News\"],\"inLanguage\":\"en-US\",\"potentialAction\":[{\"@type\":\"CommentAction\",\"name\":\"Comment\",\"target\":[\"https:\/\/congressinterceei.com\/iaseie\/index.php\/2025\/09\/15\/rodada-de-negocio-internacional-evento-virtual-plataforma-global-pablo-marcal-eua\/#respond\"]}]},{\"@type\":\"WebPage\",\"@id\":\"https:\/\/congressinterceei.com\/iaseie\/index.php\/2025\/09\/15\/rodada-de-negocio-internacional-evento-virtual-plataforma-global-pablo-marcal-eua\/\",\"url\":\"https:\/\/congressinterceei.com\/iaseie\/index.php\/2025\/09\/15\/rodada-de-negocio-internacional-evento-virtual-plataforma-global-pablo-marcal-eua\/\",\"name\":\"RODADA DE NEG\u00d3CIO INTERNACIONAL - EVENTO VIRTUAL PLATAFORMA GLOBAL PABLO MAR\u00c7AL EUA - IASEIE\",\"isPartOf\":{\"@id\":\"https:\/\/congressinterceei.com\/iaseie\/#website\"},\"primaryImageOfPage\":{\"@id\":\"https:\/\/congressinterceei.com\/iaseie\/index.php\/2025\/09\/15\/rodada-de-negocio-internacional-evento-virtual-plataforma-global-pablo-marcal-eua\/#primaryimage\"},\"image\":{\"@id\":\"https:\/\/congressinterceei.com\/iaseie\/index.php\/2025\/09\/15\/rodada-de-negocio-internacional-evento-virtual-plataforma-global-pablo-marcal-eua\/#primaryimage\"},\"thumbnailUrl\":\"https:\/\/congressinterceei.com\/iaseie\/wp-content\/uploads\/2025\/09\/68c57f2ca50d9-lg.jpg\",\"datePublished\":\"2025-09-15T10:11:17+00:00\",\"dateModified\":\"2025-09-15T10:13:03+00:00\",\"breadcrumb\":{\"@id\":\"https:\/\/congressinterceei.com\/iaseie\/index.php\/2025\/09\/15\/rodada-de-negocio-internacional-evento-virtual-plataforma-global-pablo-marcal-eua\/#breadcrumb\"},\"inLanguage\":\"en-US\",\"potentialAction\":[{\"@type\":\"ReadAction\",\"target\":[\"https:\/\/congressinterceei.com\/iaseie\/index.php\/2025\/09\/15\/rodada-de-negocio-internacional-evento-virtual-plataforma-global-pablo-marcal-eua\/\"]}]},{\"@type\":\"ImageObject\",\"inLanguage\":\"en-US\",\"@id\":\"https:\/\/congressinterceei.com\/iaseie\/index.php\/2025\/09\/15\/rodada-de-negocio-internacional-evento-virtual-plataforma-global-pablo-marcal-eua\/#primaryimage\",\"url\":\"https:\/\/congressinterceei.com\/iaseie\/wp-content\/uploads\/2025\/09\/68c57f2ca50d9-lg.jpg\",\"contentUrl\":\"https:\/\/congressinterceei.com\/iaseie\/wp-content\/uploads\/2025\/09\/68c57f2ca50d9-lg.jpg\",\"width\":1400,\"height\":733},{\"@type\":\"BreadcrumbList\",\"@id\":\"https:\/\/congressinterceei.com\/iaseie\/index.php\/2025\/09\/15\/rodada-de-negocio-internacional-evento-virtual-plataforma-global-pablo-marcal-eua\/#breadcrumb\",\"itemListElement\":[{\"@type\":\"ListItem\",\"position\":1,\"name\":\"Home\",\"item\":\"https:\/\/congressinterceei.com\/iaseie\/\"},{\"@type\":\"ListItem\",\"position\":2,\"name\":\"RODADA DE NEG\u00d3CIO INTERNACIONAL &#8211; EVENTO VIRTUAL PLATAFORMA GLOBAL PABLO MAR\u00c7AL EUA\"}]},{\"@type\":\"WebSite\",\"@id\":\"https:\/\/congressinterceei.com\/iaseie\/#website\",\"url\":\"https:\/\/congressinterceei.com\/iaseie\/\",\"name\":\"IASEIE\",\"description\":\"THE INTERNACIONAL ASSOCIATION OF SCIENCE, ETHICS AND INTEGRATED EDUCATION\",\"publisher\":{\"@id\":\"https:\/\/congressinterceei.com\/iaseie\/#organization\"},\"potentialAction\":[{\"@type\":\"SearchAction\",\"target\":{\"@type\":\"EntryPoint\",\"urlTemplate\":\"https:\/\/congressinterceei.com\/iaseie\/?s={search_term_string}\"},\"query-input\":\"required name=search_term_string\"}],\"inLanguage\":\"en-US\"},{\"@type\":\"Organization\",\"@id\":\"https:\/\/congressinterceei.com\/iaseie\/#organization\",\"name\":\"IASEIE - THE INTERNACIONAL ASSOCIATION OF SCIENCE, ETHICS AND INTEGRATED EDUCATION\",\"url\":\"https:\/\/congressinterceei.com\/iaseie\/\",\"logo\":{\"@type\":\"ImageObject\",\"inLanguage\":\"en-US\",\"@id\":\"https:\/\/congressinterceei.com\/iaseie\/#\/schema\/logo\/image\/\",\"url\":\"https:\/\/congressinterceei.com\/iaseie\/wp-content\/uploads\/2019\/09\/logo_iaseie.png\",\"contentUrl\":\"https:\/\/congressinterceei.com\/iaseie\/wp-content\/uploads\/2019\/09\/logo_iaseie.png\",\"width\":820,\"height\":450,\"caption\":\"IASEIE - THE INTERNACIONAL ASSOCIATION OF SCIENCE, ETHICS AND INTEGRATED EDUCATION\"},\"image\":{\"@id\":\"https:\/\/congressinterceei.com\/iaseie\/#\/schema\/logo\/image\/\"},\"sameAs\":[\"https:\/\/www.facebook.com\/internationalaseieusa\/\",\"https:\/\/www.youtube.com\/channel\/UCJ7efGfZQHrdxLj4Jscu6Vg\",\"https:\/\/www.instagram.com\/iaseieinternacional\"]},{\"@type\":\"Person\",\"@id\":\"https:\/\/congressinterceei.com\/iaseie\/#\/schema\/person\/fe6662263455379bbf6ab12ad6411c90\",\"name\":\"Direto da Reda\u00e7\u00e3o\",\"image\":{\"@type\":\"ImageObject\",\"inLanguage\":\"en-US\",\"@id\":\"https:\/\/congressinterceei.com\/iaseie\/#\/schema\/person\/image\/\",\"url\":\"https:\/\/secure.gravatar.com\/avatar\/2496052b679cd00bc0c7ef16490273ae?s=96&d=mm&r=g\",\"contentUrl\":\"https:\/\/secure.gravatar.com\/avatar\/2496052b679cd00bc0c7ef16490273ae?s=96&d=mm&r=g\",\"caption\":\"Direto da Reda\u00e7\u00e3o\"},\"url\":\"https:\/\/congressinterceei.com\/iaseie\/index.php\/author\/congressinterceei\/\"}]}<\/script>\n<!-- \/ Yoast SEO plugin. -->","yoast_head_json":{"title":"RODADA DE NEG\u00d3CIO INTERNACIONAL - EVENTO VIRTUAL PLATAFORMA GLOBAL PABLO MAR\u00c7AL EUA - IASEIE","robots":{"index":"index","follow":"follow","max-snippet":"max-snippet:-1","max-image-preview":"max-image-preview:large","max-video-preview":"max-video-preview:-1"},"canonical":"https:\/\/congressinterceei.com\/iaseie\/index.php\/2025\/09\/15\/rodada-de-negocio-internacional-evento-virtual-plataforma-global-pablo-marcal-eua\/","og_locale":"en_US","og_type":"article","og_title":"RODADA DE NEG\u00d3CIO INTERNACIONAL - EVENTO VIRTUAL PLATAFORMA GLOBAL PABLO MAR\u00c7AL EUA - IASEIE","og_description":"13 set &#8211; 2025 \u2022 11:30 > 15 set &#8211; 2025 \u2022 22:12. Evento Online via Google Meet. Descri\u00e7\u00e3o do evento &nbsp;Rodada de Neg\u00f3cios Internacional Participe de um encontro exclusivo que conecta branding&nbsp;Brasil e Estados Unidos, promovendo trocas estrat\u00e9gicas e oportunidades reais de crescimento empresarial. Direto da plataforma interncional do Pablo Mar\u00e7al Eua.&nbsp; &nbsp;Hor\u00e1rio: &nbsp;Onde:&nbsp;Plataforma Global do Pablo Mar\u00e7al Estados Unidos! via online pelo meet.&nbsp; Nesta rodada internacional, voc\u00ea poder\u00e1:Apresentar seu neg\u00f3cio para empreendedores e investidores de diferentes pa\u00edses;Criar conex\u00f5es valiosas e parcerias estrat\u00e9gicas;Ampliar sua rede de contatos em n\u00edvel global;Viver a experi\u00eancia de networking internacional sem sair de casa. \u00a0Uma ponte direta entre mercados, ideias e oportunidades, que transforma conex\u00f5es em conquistas. Palestrante convidada:\u00a0Dra. Maria das Gra\u00e7as Melo de Araujo, neuropediatra especialista, mestre e doutora, atua entre Orlando, FL \u2013 EUA , Brasil e Europa,\u00a0com 77 anos de idade. Graduou-se em Medicina pela UFRN (1971), com resid\u00eancia e especializa\u00e7\u00e3o em Pediatria, Neurologia e Neuropediatria (HSE\/RJ, PUC\/RJ, USP\/SP), acumulando 45 anos de experi\u00eancia no Brasil. \u00c9 Analista de Perfil Comportamental (SOAR \u2013 University FCU\/Orlando) e atualmente cursa P\u00f3s-Doutorado em Educa\u00e7\u00e3o e Desenvolvimento da Crian\u00e7a na FCU\/Orlando. Em 2012, foi convidada para presidir o 3\u00ba Congresso Internacional da IASEIE, realizado em Arlington, VA (2013), e entre 2013 e 2016 concluiu forma\u00e7\u00e3o em Lideran\u00e7a Internacional no International Leadership Institute. Em 2016, registrou a filial americana da IASEIE como Presidente, atuando ao lado de professoras da Liberty University, e desde 2021, residente nos EUA.\u00a0 Inscreva-se AQUI","og_url":"https:\/\/congressinterceei.com\/iaseie\/index.php\/2025\/09\/15\/rodada-de-negocio-internacional-evento-virtual-plataforma-global-pablo-marcal-eua\/","og_site_name":"IASEIE","article_publisher":"https:\/\/www.facebook.com\/internationalaseieusa\/","article_published_time":"2025-09-15T10:11:17+00:00","article_modified_time":"2025-09-15T10:13:03+00:00","og_image":[{"width":1400,"height":733,"url":"https:\/\/congressinterceei.com\/iaseie\/wp-content\/uploads\/2025\/09\/68c57f2ca50d9-lg.jpg","type":"image\/jpeg"}],"author":"Direto da Reda\u00e7\u00e3o","twitter_card":"summary_large_image","twitter_misc":{"Written by":"Direto da Reda\u00e7\u00e3o","Est. reading time":"2 minutes"},"schema":{"@context":"https:\/\/schema.org","@graph":[{"@type":"Article","@id":"https:\/\/congressinterceei.com\/iaseie\/index.php\/2025\/09\/15\/rodada-de-negocio-internacional-evento-virtual-plataforma-global-pablo-marcal-eua\/#article","isPartOf":{"@id":"https:\/\/congressinterceei.com\/iaseie\/index.php\/2025\/09\/15\/rodada-de-negocio-internacional-evento-virtual-plataforma-global-pablo-marcal-eua\/"},"author":{"name":"Direto da Reda\u00e7\u00e3o","@id":"https:\/\/congressinterceei.com\/iaseie\/#\/schema\/person\/fe6662263455379bbf6ab12ad6411c90"},"headline":"RODADA DE NEG\u00d3CIO INTERNACIONAL &#8211; EVENTO VIRTUAL PLATAFORMA GLOBAL PABLO MAR\u00c7AL EUA","datePublished":"2025-09-15T10:11:17+00:00","dateModified":"2025-09-15T10:13:03+00:00","mainEntityOfPage":{"@id":"https:\/\/congressinterceei.com\/iaseie\/index.php\/2025\/09\/15\/rodada-de-negocio-internacional-evento-virtual-plataforma-global-pablo-marcal-eua\/"},"wordCount":281,"commentCount":0,"publisher":{"@id":"https:\/\/congressinterceei.com\/iaseie\/#organization"},"image":{"@id":"https:\/\/congressinterceei.com\/iaseie\/index.php\/2025\/09\/15\/rodada-de-negocio-internacional-evento-virtual-plataforma-global-pablo-marcal-eua\/#primaryimage"},"thumbnailUrl":"https:\/\/congressinterceei.com\/iaseie\/wp-content\/uploads\/2025\/09\/68c57f2ca50d9-lg.jpg","keywords":["Brasil","empreendedores","EUA","EVENTO VIRTUAL","Investidores","networking","oportunidades","PABLO MAR\u00c7AL","parcerias estrat\u00e9gicas","PLATAFORMA GLOBAL","RODADA DE NEG\u00d3CIOS"],"articleSection":["News"],"inLanguage":"en-US","potentialAction":[{"@type":"CommentAction","name":"Comment","target":["https:\/\/congressinterceei.com\/iaseie\/index.php\/2025\/09\/15\/rodada-de-negocio-internacional-evento-virtual-plataforma-global-pablo-marcal-eua\/#respond"]}]},{"@type":"WebPage","@id":"https:\/\/congressinterceei.com\/iaseie\/index.php\/2025\/09\/15\/rodada-de-negocio-internacional-evento-virtual-plataforma-global-pablo-marcal-eua\/","url":"https:\/\/congressinterceei.com\/iaseie\/index.php\/2025\/09\/15\/rodada-de-negocio-internacional-evento-virtual-plataforma-global-pablo-marcal-eua\/","name":"RODADA DE NEG\u00d3CIO INTERNACIONAL - EVENTO VIRTUAL PLATAFORMA GLOBAL PABLO MAR\u00c7AL EUA - IASEIE","isPartOf":{"@id":"https:\/\/congressinterceei.com\/iaseie\/#website"},"primaryImageOfPage":{"@id":"https:\/\/congressinterceei.com\/iaseie\/index.php\/2025\/09\/15\/rodada-de-negocio-internacional-evento-virtual-plataforma-global-pablo-marcal-eua\/#primaryimage"},"image":{"@id":"https:\/\/congressinterceei.com\/iaseie\/index.php\/2025\/09\/15\/rodada-de-negocio-internacional-evento-virtual-plataforma-global-pablo-marcal-eua\/#primaryimage"},"thumbnailUrl":"https:\/\/congressinterceei.com\/iaseie\/wp-content\/uploads\/2025\/09\/68c57f2ca50d9-lg.jpg","datePublished":"2025-09-15T10:11:17+00:00","dateModified":"2025-09-15T10:13:03+00:00","breadcrumb":{"@id":"https:\/\/congressinterceei.com\/iaseie\/index.php\/2025\/09\/15\/rodada-de-negocio-internacional-evento-virtual-plataforma-global-pablo-marcal-eua\/#breadcrumb"},"inLanguage":"en-US","potentialAction":[{"@type":"ReadAction","target":["https:\/\/congressinterceei.com\/iaseie\/index.php\/2025\/09\/15\/rodada-de-negocio-internacional-evento-virtual-plataforma-global-pablo-marcal-eua\/"]}]},{"@type":"ImageObject","inLanguage":"en-US","@id":"https:\/\/congressinterceei.com\/iaseie\/index.php\/2025\/09\/15\/rodada-de-negocio-internacional-evento-virtual-plataforma-global-pablo-marcal-eua\/#primaryimage","url":"https:\/\/congressinterceei.com\/iaseie\/wp-content\/uploads\/2025\/09\/68c57f2ca50d9-lg.jpg","contentUrl":"https:\/\/congressinterceei.com\/iaseie\/wp-content\/uploads\/2025\/09\/68c57f2ca50d9-lg.jpg","width":1400,"height":733},{"@type":"BreadcrumbList","@id":"https:\/\/congressinterceei.com\/iaseie\/index.php\/2025\/09\/15\/rodada-de-negocio-internacional-evento-virtual-plataforma-global-pablo-marcal-eua\/#breadcrumb","itemListElement":[{"@type":"ListItem","position":1,"name":"Home","item":"https:\/\/congressinterceei.com\/iaseie\/"},{"@type":"ListItem","position":2,"name":"RODADA DE NEG\u00d3CIO INTERNACIONAL &#8211; EVENTO VIRTUAL PLATAFORMA GLOBAL PABLO MAR\u00c7AL EUA"}]},{"@type":"WebSite","@id":"https:\/\/congressinterceei.com\/iaseie\/#website","url":"https:\/\/congressinterceei.com\/iaseie\/","name":"IASEIE","description":"THE INTERNACIONAL ASSOCIATION OF SCIENCE, ETHICS AND INTEGRATED EDUCATION","publisher":{"@id":"https:\/\/congressinterceei.com\/iaseie\/#organization"},"potentialAction":[{"@type":"SearchAction","target":{"@type":"EntryPoint","urlTemplate":"https:\/\/congressinterceei.com\/iaseie\/?s={search_term_string}"},"query-input":"required name=search_term_string"}],"inLanguage":"en-US"},{"@type":"Organization","@id":"https:\/\/congressinterceei.com\/iaseie\/#organization","name":"IASEIE - THE INTERNACIONAL ASSOCIATION OF SCIENCE, ETHICS AND INTEGRATED EDUCATION","url":"https:\/\/congressinterceei.com\/iaseie\/","logo":{"@type":"ImageObject","inLanguage":"en-US","@id":"https:\/\/congressinterceei.com\/iaseie\/#\/schema\/logo\/image\/","url":"https:\/\/congressinterceei.com\/iaseie\/wp-content\/uploads\/2019\/09\/logo_iaseie.png","contentUrl":"https:\/\/congressinterceei.com\/iaseie\/wp-content\/uploads\/2019\/09\/logo_iaseie.png","width":820,"height":450,"caption":"IASEIE - THE INTERNACIONAL ASSOCIATION OF SCIENCE, ETHICS AND INTEGRATED EDUCATION"},"image":{"@id":"https:\/\/congressinterceei.com\/iaseie\/#\/schema\/logo\/image\/"},"sameAs":["https:\/\/www.facebook.com\/internationalaseieusa\/","https:\/\/www.youtube.com\/channel\/UCJ7efGfZQHrdxLj4Jscu6Vg","https:\/\/www.instagram.com\/iaseieinternacional"]},{"@type":"Person","@id":"https:\/\/congressinterceei.com\/iaseie\/#\/schema\/person\/fe6662263455379bbf6ab12ad6411c90","name":"Direto da Reda\u00e7\u00e3o","image":{"@type":"ImageObject","inLanguage":"en-US","@id":"https:\/\/congressinterceei.com\/iaseie\/#\/schema\/person\/image\/","url":"https:\/\/secure.gravatar.com\/avatar\/2496052b679cd00bc0c7ef16490273ae?s=96&d=mm&r=g","contentUrl":"https:\/\/secure.gravatar.com\/avatar\/2496052b679cd00bc0c7ef16490273ae?s=96&d=mm&r=g","caption":"Direto da Reda\u00e7\u00e3o"},"url":"https:\/\/congressinterceei.com\/iaseie\/index.php\/author\/congressinterceei\/"}]}},"_links":{"self":[{"href":"https:\/\/congressinterceei.com\/iaseie\/index.php\/wp-json\/wp\/v2\/posts\/1464"}],"collection":[{"href":"https:\/\/congressinterceei.com\/iaseie\/index.php\/wp-json\/wp\/v2\/posts"}],"about":[{"href":"https:\/\/congressinterceei.com\/iaseie\/index.php\/wp-json\/wp\/v2\/types\/post"}],"author":[{"embeddable":true,"href":"https:\/\/congressinterceei.com\/iaseie\/index.php\/wp-json\/wp\/v2\/users\/1"}],"replies":[{"embeddable":true,"href":"https:\/\/congressinterceei.com\/iaseie\/index.php\/wp-json\/wp\/v2\/comments?post=1464"}],"version-history":[{"count":3,"href":"https:\/\/congressinterceei.com\/iaseie\/index.php\/wp-json\/wp\/v2\/posts\/1464\/revisions"}],"predecessor-version":[{"id":1469,"href":"https:\/\/congressinterceei.com\/iaseie\/index.php\/wp-json\/wp\/v2\/posts\/1464\/revisions\/1469"}],"wp:featuredmedia":[{"embeddable":true,"href":"https:\/\/congressinterceei.com\/iaseie\/index.php\/wp-json\/wp\/v2\/media\/1466"}],"wp:attachment":[{"href":"https:\/\/congressinterceei.com\/iaseie\/index.php\/wp-json\/wp\/v2\/media?parent=1464"}],"wp:term":[{"taxonomy":"category","embeddable":true,"href":"https:\/\/congressinterceei.com\/iaseie\/index.php\/wp-json\/wp\/v2\/categories?post=1464"},{"taxonomy":"post_tag","embeddable":true,"href":"https:\/\/congressinterceei.com\/iaseie\/index.php\/wp-json\/wp\/v2\/tags?post=1464"}],"curies":[{"name":"wp","href":"https:\/\/api.w.org\/{rel}","templated":true}]}}