{"id":1471,"date":"2025-10-24T12:39:06","date_gmt":"2025-10-24T15:39:06","guid":{"rendered":"https:\/\/congressinterceei.com\/iaseie\/?p=1471"},"modified":"2025-10-24T12:42:23","modified_gmt":"2025-10-24T15:42:23","slug":"masterclass","status":"publish","type":"post","link":"https:\/\/congressinterceei.com\/iaseie\/index.php\/2025\/10\/24\/masterclass\/","title":{"rendered":"masterclass"},"content":{"rendered":"\n<h1 class=\"wp-block-heading\">COMO PROTEGER O C\u00c9REBRO DO SEU BEB\u00ca DESDE A GESTA\u00c7\u00c3O<\/h1>\n\n\n\n<p>Uma masterclass transformadora que vai revelar os segredos para garantir o desenvolvimento neurol\u00f3gico saud\u00e1vel do seu filho desde os primeiros momentos da vida.<\/p>\n\n\n\n<p class=\"has-text-align-left\">Convido voc\u00ea, Pai, M\u00e3e, Profissionais que convivem com Gestantes, Crian\u00e7as rec\u00e9m-nascidas e lactentes, para participarem na minha MasterClass gratuita dia 24 de Outubro 2025, as 16h no Brasil \ud83c\udde7\ud83c\uddf7 e 3:00pm na Florida \ud83c\uddfa\ud83c\uddf8.<br><br>Registre-se no link:  <a href=\"https:\/\/dragracameloaraujo.com\/webinar-page\"><strong>https:\/\/dragracameloaraujo.com\/webinar-page<\/strong><\/a><br>Welcome ! DEUS Aben\u00e7oe! \ud83d\ude4f\ud83c\udffb\ud83d\udc96<\/p>\n\n\n\n<h1 class=\"wp-block-heading\"><br><strong><em>Por Que os Primeiros Dias S\u00e3o T\u00e3o Importantes?<\/em><\/strong><\/h1>\n\n\n\n<h2 class=\"wp-block-heading\"><br>O C\u00e9rebro em Forma\u00e7\u00e3o<\/h2>\n\n\n\n<p><br>Durante a gesta\u00e7\u00e3o e os primeiros meses de vida, o c\u00e9rebro do beb\u00ea se desenvolve em uma velocidade impressionante. Neste per\u00edodo cr\u00edtico, milh\u00f5es de conex\u00f5es neurais s\u00e3o formadas a cada segundo, estabelecendo as bases para toda a vida futura da crian\u00e7a.<\/p>\n\n\n\n<p>Problemas que poderiam ser facilmente prevenidos com o conhecimento adequado podem passar despercebidos, impactando o desenvolvimento motor, cognitivo e comportamental do seu filho.<\/p>\n\n\n\n<p><strong>Casos reais:<\/strong>\u00a0A hiperexcitabilidade em rec\u00e9m-nascidos \u00e9 apenas um dos muitos sinais que podem ser identificados precocemente com o conhecimento adequado, permitindo interven\u00e7\u00f5es que fazem toda a diferen\u00e7a no desenvolvimento futuro.<br><\/p>\n\n\n\n<p><strong>Instagram:<\/strong> Como Proteger o C\u00e9rebro \ud83e\udde0 do seu beb\u00ea desde a gesta\u00e7\u00e3o? #masterclass<br><a href=\"https:\/\/www.instagram.com\/reel\/DPuDZScjtAE\/?igsh=MW92bm14eGc0aHh1Mg==\">https:\/\/www.instagram.com\/reel\/DPuDZScjtAE\/?igsh=MW92bm14eGc0aHh1Mg==<\/a><\/p>\n\n\n\n<p><\/p>\n\n\n\n<hr class=\"wp-block-separator has-alpha-channel-opacity\"\/>\n","protected":false},"excerpt":{"rendered":"<p>COMO PROTEGER O C\u00c9REBRO DO SEU BEB\u00ca DESDE A GESTA\u00c7\u00c3O Uma masterclass transformadora que vai revelar os segredos para garantir o desenvolvimento neurol\u00f3gico saud\u00e1vel do seu filho desde os primeiros momentos da vida. Convido voc\u00ea, Pai, M\u00e3e, Profissionais que convivem com Gestantes, Crian\u00e7as rec\u00e9m-nascidas e lactentes, para participarem na minha MasterClass gratuita dia 24 de Outubro 2025, as 16h no Brasil \ud83c\udde7\ud83c\uddf7 e 3:00pm na Florida \ud83c\uddfa\ud83c\uddf8. Registre-se no link: https:\/\/dragracameloaraujo.com\/webinar-pageWelcome ! DEUS Aben\u00e7oe! \ud83d\ude4f\ud83c\udffb\ud83d\udc96 Por Que os Primeiros Dias S\u00e3o T\u00e3o Importantes? O C\u00e9rebro em Forma\u00e7\u00e3o Durante a gesta\u00e7\u00e3o e os primeiros meses de vida, o c\u00e9rebro do beb\u00ea se desenvolve em uma velocidade impressionante. Neste per\u00edodo cr\u00edtico, milh\u00f5es de conex\u00f5es neurais s\u00e3o formadas a cada segundo, estabelecendo as bases para toda a vida futura da crian\u00e7a. Problemas que poderiam ser facilmente prevenidos com o conhecimento adequado podem passar despercebidos, impactando o desenvolvimento motor, cognitivo e comportamental do seu filho. Casos reais:\u00a0A hiperexcitabilidade em rec\u00e9m-nascidos \u00e9 apenas um dos muitos sinais que podem ser identificados precocemente com o conhecimento adequado, permitindo interven\u00e7\u00f5es que fazem toda a diferen\u00e7a no desenvolvimento futuro. Instagram: Como Proteger o C\u00e9rebro \ud83e\udde0 do seu beb\u00ea desde a gesta\u00e7\u00e3o? #masterclasshttps:\/\/www.instagram.com\/reel\/DPuDZScjtAE\/?igsh=MW92bm14eGc0aHh1Mg==<\/p>\n","protected":false},"author":1,"featured_media":1472,"comment_status":"open","ping_status":"open","sticky":false,"template":"","format":"standard","meta":{"footnotes":""},"categories":[2],"tags":[207,206,210,208,204,209],"yoast_head":"<!-- This site is optimized with the Yoast SEO plugin v22.6 - https:\/\/yoast.com\/wordpress\/plugins\/seo\/ -->\n<title>masterclass - IASEIE<\/title>\n<meta name=\"robots\" content=\"index, follow, max-snippet:-1, max-image-preview:large, max-video-preview:-1\" \/>\n<link rel=\"canonical\" href=\"https:\/\/congressinterceei.com\/iaseie\/index.php\/2025\/10\/24\/masterclass\/\" \/>\n<meta property=\"og:locale\" content=\"en_US\" \/>\n<meta property=\"og:type\" content=\"article\" \/>\n<meta property=\"og:title\" content=\"masterclass - IASEIE\" \/>\n<meta property=\"og:description\" content=\"COMO PROTEGER O C\u00c9REBRO DO SEU BEB\u00ca DESDE A GESTA\u00c7\u00c3O Uma masterclass transformadora que vai revelar os segredos para garantir o desenvolvimento neurol\u00f3gico saud\u00e1vel do seu filho desde os primeiros momentos da vida. Convido voc\u00ea, Pai, M\u00e3e, Profissionais que convivem com Gestantes, Crian\u00e7as rec\u00e9m-nascidas e lactentes, para participarem na minha MasterClass gratuita dia 24 de Outubro 2025, as 16h no Brasil \ud83c\udde7\ud83c\uddf7 e 3:00pm na Florida \ud83c\uddfa\ud83c\uddf8. Registre-se no link: https:\/\/dragracameloaraujo.com\/webinar-pageWelcome ! DEUS Aben\u00e7oe! \ud83d\ude4f\ud83c\udffb\ud83d\udc96 Por Que os Primeiros Dias S\u00e3o T\u00e3o Importantes? O C\u00e9rebro em Forma\u00e7\u00e3o Durante a gesta\u00e7\u00e3o e os primeiros meses de vida, o c\u00e9rebro do beb\u00ea se desenvolve em uma velocidade impressionante. Neste per\u00edodo cr\u00edtico, milh\u00f5es de conex\u00f5es neurais s\u00e3o formadas a cada segundo, estabelecendo as bases para toda a vida futura da crian\u00e7a. Problemas que poderiam ser facilmente prevenidos com o conhecimento adequado podem passar despercebidos, impactando o desenvolvimento motor, cognitivo e comportamental do seu filho. Casos reais:\u00a0A hiperexcitabilidade em rec\u00e9m-nascidos \u00e9 apenas um dos muitos sinais que podem ser identificados precocemente com o conhecimento adequado, permitindo interven\u00e7\u00f5es que fazem toda a diferen\u00e7a no desenvolvimento futuro. Instagram: Como Proteger o C\u00e9rebro \ud83e\udde0 do seu beb\u00ea desde a gesta\u00e7\u00e3o? #masterclasshttps:\/\/www.instagram.com\/reel\/DPuDZScjtAE\/?igsh=MW92bm14eGc0aHh1Mg==\" \/>\n<meta property=\"og:url\" content=\"https:\/\/congressinterceei.com\/iaseie\/index.php\/2025\/10\/24\/masterclass\/\" \/>\n<meta property=\"og:site_name\" content=\"IASEIE\" \/>\n<meta property=\"article:publisher\" content=\"https:\/\/www.facebook.com\/internationalaseieusa\/\" \/>\n<meta property=\"article:published_time\" content=\"2025-10-24T15:39:06+00:00\" \/>\n<meta property=\"article:modified_time\" content=\"2025-10-24T15:42:23+00:00\" \/>\n<meta property=\"og:image\" content=\"https:\/\/congressinterceei.com\/iaseie\/wp-content\/uploads\/2025\/10\/slide.jpg\" \/>\n\t<meta property=\"og:image:width\" content=\"2048\" \/>\n\t<meta property=\"og:image:height\" content=\"1024\" \/>\n\t<meta property=\"og:image:type\" content=\"image\/jpeg\" \/>\n<meta name=\"author\" content=\"Direto da Reda\u00e7\u00e3o\" \/>\n<meta name=\"twitter:card\" content=\"summary_large_image\" \/>\n<meta name=\"twitter:label1\" content=\"Written by\" \/>\n\t<meta name=\"twitter:data1\" content=\"Direto da Reda\u00e7\u00e3o\" \/>\n\t<meta name=\"twitter:label2\" content=\"Est. reading time\" \/>\n\t<meta name=\"twitter:data2\" content=\"2 minutes\" \/>\n<script type=\"application\/ld+json\" class=\"yoast-schema-graph\">{\"@context\":\"https:\/\/schema.org\",\"@graph\":[{\"@type\":\"Article\",\"@id\":\"https:\/\/congressinterceei.com\/iaseie\/index.php\/2025\/10\/24\/masterclass\/#article\",\"isPartOf\":{\"@id\":\"https:\/\/congressinterceei.com\/iaseie\/index.php\/2025\/10\/24\/masterclass\/\"},\"author\":{\"name\":\"Direto da Reda\u00e7\u00e3o\",\"@id\":\"https:\/\/congressinterceei.com\/iaseie\/#\/schema\/person\/fe6662263455379bbf6ab12ad6411c90\"},\"headline\":\"masterclass\",\"datePublished\":\"2025-10-24T15:39:06+00:00\",\"dateModified\":\"2025-10-24T15:42:23+00:00\",\"mainEntityOfPage\":{\"@id\":\"https:\/\/congressinterceei.com\/iaseie\/index.php\/2025\/10\/24\/masterclass\/\"},\"wordCount\":229,\"commentCount\":0,\"publisher\":{\"@id\":\"https:\/\/congressinterceei.com\/iaseie\/#organization\"},\"image\":{\"@id\":\"https:\/\/congressinterceei.com\/iaseie\/index.php\/2025\/10\/24\/masterclass\/#primaryimage\"},\"thumbnailUrl\":\"https:\/\/congressinterceei.com\/iaseie\/wp-content\/uploads\/2025\/10\/slide.jpg\",\"keywords\":[\"beb\u00ea\",\"c\u00e9rebro\",\"desenvolvimento neurol\u00f3gico\",\"hiperexcitabilidade\",\"masterclass\",\"rec\u00e9m-nascidos\"],\"articleSection\":[\"News\"],\"inLanguage\":\"en-US\",\"potentialAction\":[{\"@type\":\"CommentAction\",\"name\":\"Comment\",\"target\":[\"https:\/\/congressinterceei.com\/iaseie\/index.php\/2025\/10\/24\/masterclass\/#respond\"]}]},{\"@type\":\"WebPage\",\"@id\":\"https:\/\/congressinterceei.com\/iaseie\/index.php\/2025\/10\/24\/masterclass\/\",\"url\":\"https:\/\/congressinterceei.com\/iaseie\/index.php\/2025\/10\/24\/masterclass\/\",\"name\":\"masterclass - IASEIE\",\"isPartOf\":{\"@id\":\"https:\/\/congressinterceei.com\/iaseie\/#website\"},\"primaryImageOfPage\":{\"@id\":\"https:\/\/congressinterceei.com\/iaseie\/index.php\/2025\/10\/24\/masterclass\/#primaryimage\"},\"image\":{\"@id\":\"https:\/\/congressinterceei.com\/iaseie\/index.php\/2025\/10\/24\/masterclass\/#primaryimage\"},\"thumbnailUrl\":\"https:\/\/congressinterceei.com\/iaseie\/wp-content\/uploads\/2025\/10\/slide.jpg\",\"datePublished\":\"2025-10-24T15:39:06+00:00\",\"dateModified\":\"2025-10-24T15:42:23+00:00\",\"breadcrumb\":{\"@id\":\"https:\/\/congressinterceei.com\/iaseie\/index.php\/2025\/10\/24\/masterclass\/#breadcrumb\"},\"inLanguage\":\"en-US\",\"potentialAction\":[{\"@type\":\"ReadAction\",\"target\":[\"https:\/\/congressinterceei.com\/iaseie\/index.php\/2025\/10\/24\/masterclass\/\"]}]},{\"@type\":\"ImageObject\",\"inLanguage\":\"en-US\",\"@id\":\"https:\/\/congressinterceei.com\/iaseie\/index.php\/2025\/10\/24\/masterclass\/#primaryimage\",\"url\":\"https:\/\/congressinterceei.com\/iaseie\/wp-content\/uploads\/2025\/10\/slide.jpg\",\"contentUrl\":\"https:\/\/congressinterceei.com\/iaseie\/wp-content\/uploads\/2025\/10\/slide.jpg\",\"width\":2048,\"height\":1024},{\"@type\":\"BreadcrumbList\",\"@id\":\"https:\/\/congressinterceei.com\/iaseie\/index.php\/2025\/10\/24\/masterclass\/#breadcrumb\",\"itemListElement\":[{\"@type\":\"ListItem\",\"position\":1,\"name\":\"Home\",\"item\":\"https:\/\/congressinterceei.com\/iaseie\/\"},{\"@type\":\"ListItem\",\"position\":2,\"name\":\"masterclass\"}]},{\"@type\":\"WebSite\",\"@id\":\"https:\/\/congressinterceei.com\/iaseie\/#website\",\"url\":\"https:\/\/congressinterceei.com\/iaseie\/\",\"name\":\"IASEIE\",\"description\":\"THE INTERNACIONAL ASSOCIATION OF SCIENCE, ETHICS AND INTEGRATED EDUCATION\",\"publisher\":{\"@id\":\"https:\/\/congressinterceei.com\/iaseie\/#organization\"},\"potentialAction\":[{\"@type\":\"SearchAction\",\"target\":{\"@type\":\"EntryPoint\",\"urlTemplate\":\"https:\/\/congressinterceei.com\/iaseie\/?s={search_term_string}\"},\"query-input\":\"required name=search_term_string\"}],\"inLanguage\":\"en-US\"},{\"@type\":\"Organization\",\"@id\":\"https:\/\/congressinterceei.com\/iaseie\/#organization\",\"name\":\"IASEIE - THE INTERNACIONAL ASSOCIATION OF SCIENCE, ETHICS AND INTEGRATED EDUCATION\",\"url\":\"https:\/\/congressinterceei.com\/iaseie\/\",\"logo\":{\"@type\":\"ImageObject\",\"inLanguage\":\"en-US\",\"@id\":\"https:\/\/congressinterceei.com\/iaseie\/#\/schema\/logo\/image\/\",\"url\":\"https:\/\/congressinterceei.com\/iaseie\/wp-content\/uploads\/2019\/09\/logo_iaseie.png\",\"contentUrl\":\"https:\/\/congressinterceei.com\/iaseie\/wp-content\/uploads\/2019\/09\/logo_iaseie.png\",\"width\":820,\"height\":450,\"caption\":\"IASEIE - THE INTERNACIONAL ASSOCIATION OF SCIENCE, ETHICS AND INTEGRATED EDUCATION\"},\"image\":{\"@id\":\"https:\/\/congressinterceei.com\/iaseie\/#\/schema\/logo\/image\/\"},\"sameAs\":[\"https:\/\/www.facebook.com\/internationalaseieusa\/\",\"https:\/\/www.youtube.com\/channel\/UCJ7efGfZQHrdxLj4Jscu6Vg\",\"https:\/\/www.instagram.com\/iaseieinternacional\"]},{\"@type\":\"Person\",\"@id\":\"https:\/\/congressinterceei.com\/iaseie\/#\/schema\/person\/fe6662263455379bbf6ab12ad6411c90\",\"name\":\"Direto da Reda\u00e7\u00e3o\",\"image\":{\"@type\":\"ImageObject\",\"inLanguage\":\"en-US\",\"@id\":\"https:\/\/congressinterceei.com\/iaseie\/#\/schema\/person\/image\/\",\"url\":\"https:\/\/secure.gravatar.com\/avatar\/2496052b679cd00bc0c7ef16490273ae?s=96&d=mm&r=g\",\"contentUrl\":\"https:\/\/secure.gravatar.com\/avatar\/2496052b679cd00bc0c7ef16490273ae?s=96&d=mm&r=g\",\"caption\":\"Direto da Reda\u00e7\u00e3o\"},\"url\":\"https:\/\/congressinterceei.com\/iaseie\/index.php\/author\/congressinterceei\/\"}]}<\/script>\n<!-- \/ Yoast SEO plugin. -->","yoast_head_json":{"title":"masterclass - IASEIE","robots":{"index":"index","follow":"follow","max-snippet":"max-snippet:-1","max-image-preview":"max-image-preview:large","max-video-preview":"max-video-preview:-1"},"canonical":"https:\/\/congressinterceei.com\/iaseie\/index.php\/2025\/10\/24\/masterclass\/","og_locale":"en_US","og_type":"article","og_title":"masterclass - IASEIE","og_description":"COMO PROTEGER O C\u00c9REBRO DO SEU BEB\u00ca DESDE A GESTA\u00c7\u00c3O Uma masterclass transformadora que vai revelar os segredos para garantir o desenvolvimento neurol\u00f3gico saud\u00e1vel do seu filho desde os primeiros momentos da vida. Convido voc\u00ea, Pai, M\u00e3e, Profissionais que convivem com Gestantes, Crian\u00e7as rec\u00e9m-nascidas e lactentes, para participarem na minha MasterClass gratuita dia 24 de Outubro 2025, as 16h no Brasil \ud83c\udde7\ud83c\uddf7 e 3:00pm na Florida \ud83c\uddfa\ud83c\uddf8. Registre-se no link: https:\/\/dragracameloaraujo.com\/webinar-pageWelcome ! DEUS Aben\u00e7oe! \ud83d\ude4f\ud83c\udffb\ud83d\udc96 Por Que os Primeiros Dias S\u00e3o T\u00e3o Importantes? O C\u00e9rebro em Forma\u00e7\u00e3o Durante a gesta\u00e7\u00e3o e os primeiros meses de vida, o c\u00e9rebro do beb\u00ea se desenvolve em uma velocidade impressionante. Neste per\u00edodo cr\u00edtico, milh\u00f5es de conex\u00f5es neurais s\u00e3o formadas a cada segundo, estabelecendo as bases para toda a vida futura da crian\u00e7a. Problemas que poderiam ser facilmente prevenidos com o conhecimento adequado podem passar despercebidos, impactando o desenvolvimento motor, cognitivo e comportamental do seu filho. Casos reais:\u00a0A hiperexcitabilidade em rec\u00e9m-nascidos \u00e9 apenas um dos muitos sinais que podem ser identificados precocemente com o conhecimento adequado, permitindo interven\u00e7\u00f5es que fazem toda a diferen\u00e7a no desenvolvimento futuro. Instagram: Como Proteger o C\u00e9rebro \ud83e\udde0 do seu beb\u00ea desde a gesta\u00e7\u00e3o? #masterclasshttps:\/\/www.instagram.com\/reel\/DPuDZScjtAE\/?igsh=MW92bm14eGc0aHh1Mg==","og_url":"https:\/\/congressinterceei.com\/iaseie\/index.php\/2025\/10\/24\/masterclass\/","og_site_name":"IASEIE","article_publisher":"https:\/\/www.facebook.com\/internationalaseieusa\/","article_published_time":"2025-10-24T15:39:06+00:00","article_modified_time":"2025-10-24T15:42:23+00:00","og_image":[{"width":2048,"height":1024,"url":"https:\/\/congressinterceei.com\/iaseie\/wp-content\/uploads\/2025\/10\/slide.jpg","type":"image\/jpeg"}],"author":"Direto da Reda\u00e7\u00e3o","twitter_card":"summary_large_image","twitter_misc":{"Written by":"Direto da Reda\u00e7\u00e3o","Est. reading time":"2 minutes"},"schema":{"@context":"https:\/\/schema.org","@graph":[{"@type":"Article","@id":"https:\/\/congressinterceei.com\/iaseie\/index.php\/2025\/10\/24\/masterclass\/#article","isPartOf":{"@id":"https:\/\/congressinterceei.com\/iaseie\/index.php\/2025\/10\/24\/masterclass\/"},"author":{"name":"Direto da Reda\u00e7\u00e3o","@id":"https:\/\/congressinterceei.com\/iaseie\/#\/schema\/person\/fe6662263455379bbf6ab12ad6411c90"},"headline":"masterclass","datePublished":"2025-10-24T15:39:06+00:00","dateModified":"2025-10-24T15:42:23+00:00","mainEntityOfPage":{"@id":"https:\/\/congressinterceei.com\/iaseie\/index.php\/2025\/10\/24\/masterclass\/"},"wordCount":229,"commentCount":0,"publisher":{"@id":"https:\/\/congressinterceei.com\/iaseie\/#organization"},"image":{"@id":"https:\/\/congressinterceei.com\/iaseie\/index.php\/2025\/10\/24\/masterclass\/#primaryimage"},"thumbnailUrl":"https:\/\/congressinterceei.com\/iaseie\/wp-content\/uploads\/2025\/10\/slide.jpg","keywords":["beb\u00ea","c\u00e9rebro","desenvolvimento neurol\u00f3gico","hiperexcitabilidade","masterclass","rec\u00e9m-nascidos"],"articleSection":["News"],"inLanguage":"en-US","potentialAction":[{"@type":"CommentAction","name":"Comment","target":["https:\/\/congressinterceei.com\/iaseie\/index.php\/2025\/10\/24\/masterclass\/#respond"]}]},{"@type":"WebPage","@id":"https:\/\/congressinterceei.com\/iaseie\/index.php\/2025\/10\/24\/masterclass\/","url":"https:\/\/congressinterceei.com\/iaseie\/index.php\/2025\/10\/24\/masterclass\/","name":"masterclass - IASEIE","isPartOf":{"@id":"https:\/\/congressinterceei.com\/iaseie\/#website"},"primaryImageOfPage":{"@id":"https:\/\/congressinterceei.com\/iaseie\/index.php\/2025\/10\/24\/masterclass\/#primaryimage"},"image":{"@id":"https:\/\/congressinterceei.com\/iaseie\/index.php\/2025\/10\/24\/masterclass\/#primaryimage"},"thumbnailUrl":"https:\/\/congressinterceei.com\/iaseie\/wp-content\/uploads\/2025\/10\/slide.jpg","datePublished":"2025-10-24T15:39:06+00:00","dateModified":"2025-10-24T15:42:23+00:00","breadcrumb":{"@id":"https:\/\/congressinterceei.com\/iaseie\/index.php\/2025\/10\/24\/masterclass\/#breadcrumb"},"inLanguage":"en-US","potentialAction":[{"@type":"ReadAction","target":["https:\/\/congressinterceei.com\/iaseie\/index.php\/2025\/10\/24\/masterclass\/"]}]},{"@type":"ImageObject","inLanguage":"en-US","@id":"https:\/\/congressinterceei.com\/iaseie\/index.php\/2025\/10\/24\/masterclass\/#primaryimage","url":"https:\/\/congressinterceei.com\/iaseie\/wp-content\/uploads\/2025\/10\/slide.jpg","contentUrl":"https:\/\/congressinterceei.com\/iaseie\/wp-content\/uploads\/2025\/10\/slide.jpg","width":2048,"height":1024},{"@type":"BreadcrumbList","@id":"https:\/\/congressinterceei.com\/iaseie\/index.php\/2025\/10\/24\/masterclass\/#breadcrumb","itemListElement":[{"@type":"ListItem","position":1,"name":"Home","item":"https:\/\/congressinterceei.com\/iaseie\/"},{"@type":"ListItem","position":2,"name":"masterclass"}]},{"@type":"WebSite","@id":"https:\/\/congressinterceei.com\/iaseie\/#website","url":"https:\/\/congressinterceei.com\/iaseie\/","name":"IASEIE","description":"THE INTERNACIONAL ASSOCIATION OF SCIENCE, ETHICS AND INTEGRATED EDUCATION","publisher":{"@id":"https:\/\/congressinterceei.com\/iaseie\/#organization"},"potentialAction":[{"@type":"SearchAction","target":{"@type":"EntryPoint","urlTemplate":"https:\/\/congressinterceei.com\/iaseie\/?s={search_term_string}"},"query-input":"required name=search_term_string"}],"inLanguage":"en-US"},{"@type":"Organization","@id":"https:\/\/congressinterceei.com\/iaseie\/#organization","name":"IASEIE - THE INTERNACIONAL ASSOCIATION OF SCIENCE, ETHICS AND INTEGRATED EDUCATION","url":"https:\/\/congressinterceei.com\/iaseie\/","logo":{"@type":"ImageObject","inLanguage":"en-US","@id":"https:\/\/congressinterceei.com\/iaseie\/#\/schema\/logo\/image\/","url":"https:\/\/congressinterceei.com\/iaseie\/wp-content\/uploads\/2019\/09\/logo_iaseie.png","contentUrl":"https:\/\/congressinterceei.com\/iaseie\/wp-content\/uploads\/2019\/09\/logo_iaseie.png","width":820,"height":450,"caption":"IASEIE - THE INTERNACIONAL ASSOCIATION OF SCIENCE, ETHICS AND INTEGRATED EDUCATION"},"image":{"@id":"https:\/\/congressinterceei.com\/iaseie\/#\/schema\/logo\/image\/"},"sameAs":["https:\/\/www.facebook.com\/internationalaseieusa\/","https:\/\/www.youtube.com\/channel\/UCJ7efGfZQHrdxLj4Jscu6Vg","https:\/\/www.instagram.com\/iaseieinternacional"]},{"@type":"Person","@id":"https:\/\/congressinterceei.com\/iaseie\/#\/schema\/person\/fe6662263455379bbf6ab12ad6411c90","name":"Direto da Reda\u00e7\u00e3o","image":{"@type":"ImageObject","inLanguage":"en-US","@id":"https:\/\/congressinterceei.com\/iaseie\/#\/schema\/person\/image\/","url":"https:\/\/secure.gravatar.com\/avatar\/2496052b679cd00bc0c7ef16490273ae?s=96&d=mm&r=g","contentUrl":"https:\/\/secure.gravatar.com\/avatar\/2496052b679cd00bc0c7ef16490273ae?s=96&d=mm&r=g","caption":"Direto da Reda\u00e7\u00e3o"},"url":"https:\/\/congressinterceei.com\/iaseie\/index.php\/author\/congressinterceei\/"}]}},"_links":{"self":[{"href":"https:\/\/congressinterceei.com\/iaseie\/index.php\/wp-json\/wp\/v2\/posts\/1471"}],"collection":[{"href":"https:\/\/congressinterceei.com\/iaseie\/index.php\/wp-json\/wp\/v2\/posts"}],"about":[{"href":"https:\/\/congressinterceei.com\/iaseie\/index.php\/wp-json\/wp\/v2\/types\/post"}],"author":[{"embeddable":true,"href":"https:\/\/congressinterceei.com\/iaseie\/index.php\/wp-json\/wp\/v2\/users\/1"}],"replies":[{"embeddable":true,"href":"https:\/\/congressinterceei.com\/iaseie\/index.php\/wp-json\/wp\/v2\/comments?post=1471"}],"version-history":[{"count":5,"href":"https:\/\/congressinterceei.com\/iaseie\/index.php\/wp-json\/wp\/v2\/posts\/1471\/revisions"}],"predecessor-version":[{"id":1479,"href":"https:\/\/congressinterceei.com\/iaseie\/index.php\/wp-json\/wp\/v2\/posts\/1471\/revisions\/1479"}],"wp:featuredmedia":[{"embeddable":true,"href":"https:\/\/congressinterceei.com\/iaseie\/index.php\/wp-json\/wp\/v2\/media\/1472"}],"wp:attachment":[{"href":"https:\/\/congressinterceei.com\/iaseie\/index.php\/wp-json\/wp\/v2\/media?parent=1471"}],"wp:term":[{"taxonomy":"category","embeddable":true,"href":"https:\/\/congressinterceei.com\/iaseie\/index.php\/wp-json\/wp\/v2\/categories?post=1471"},{"taxonomy":"post_tag","embeddable":true,"href":"https:\/\/congressinterceei.com\/iaseie\/index.php\/wp-json\/wp\/v2\/tags?post=1471"}],"curies":[{"name":"wp","href":"https:\/\/api.w.org\/{rel}","templated":true}]}}