{"id":620,"date":"2019-09-18T19:56:18","date_gmt":"2019-09-18T22:56:18","guid":{"rendered":"http:\/\/congressinterceei.com\/iaseie\/?p=620"},"modified":"2020-06-06T02:52:03","modified_gmt":"2020-06-06T05:52:03","slug":"the-american-branch-of-the-iaseie","status":"publish","type":"post","link":"https:\/\/congressinterceei.com\/iaseie\/index.php\/2019\/09\/18\/the-american-branch-of-the-iaseie\/","title":{"rendered":"THE AMERICAN BRANCH OF THE IASEIE"},"content":{"rendered":"\n<figure class=\"wp-block-embed-youtube wp-block-embed is-type-video is-provider-youtube wp-embed-aspect-16-9 wp-has-aspect-ratio\"><div class=\"wp-block-embed__wrapper\">\n<iframe loading=\"lazy\" title=\"IASEIE: International Association of Science, Ethics and Integrated Education\" width=\"960\" height=\"540\" src=\"https:\/\/www.youtube.com\/embed\/9pmkGE1LBoo?feature=oembed\" frameborder=\"0\" allow=\"accelerometer; autoplay; encrypted-media; gyroscope; picture-in-picture\" allowfullscreen><\/iframe>\n<\/div><\/figure>\n\n\n\n<p><em>NOVEMBER 10TH. 2018<\/em><\/p>\n\n\n\n<p>A better life for you, your family and your business.<br>Faith \/ Health \/ Ethics \/ Education<\/p>\n\n\n\n<ul><li>A for\u00e7a da f\u00e9 para uma vida integral na fam\u00edlia<\/li><li>Ci\u00eancia, \u00e9tica, educa\u00e7\u00e3o integrada e qualidade de vida<\/li><li>Estrat\u00e9gias para desenvolver o profissional integral<\/li><li>O equil\u00edbrio emocional na forma\u00e7\u00e3o integral do homem<\/li><li>Cr\u00e9dito &#8211; sua identidade financeira no crescimento integral<\/li><li>Como orientar a fam\u00edlia na constru\u00e7\u00e3o do cr\u00e9dito nos USA<\/li><\/ul>\n\n\n\n<figure class=\"wp-block-image\"><img decoding=\"async\" src=\"http:\/\/congressinterceei.com\/imagens\/convite2.jpg\" alt=\"\"\/><\/figure>\n","protected":false},"excerpt":{"rendered":"<p>NOVEMBER 10TH. 2018 A better life for you, your family and your business.Faith \/ Health \/ Ethics \/ Education A for\u00e7a da f\u00e9 para uma vida integral na fam\u00edlia Ci\u00eancia, \u00e9tica, educa\u00e7\u00e3o integrada e qualidade de vida Estrat\u00e9gias para desenvolver o profissional integral O equil\u00edbrio emocional na forma\u00e7\u00e3o integral do homem Cr\u00e9dito &#8211; sua identidade financeira no crescimento integral Como orientar a fam\u00edlia na constru\u00e7\u00e3o do cr\u00e9dito nos USA<\/p>\n","protected":false},"author":1,"featured_media":621,"comment_status":"open","ping_status":"open","sticky":false,"template":"","format":"standard","meta":{"footnotes":""},"categories":[2],"tags":[28,26,27,29,24,31,30,25],"yoast_head":"<!-- This site is optimized with the Yoast SEO plugin v22.6 - https:\/\/yoast.com\/wordpress\/plugins\/seo\/ -->\n<title>THE AMERICAN BRANCH OF THE IASEIE - IASEIE<\/title>\n<meta name=\"robots\" content=\"index, follow, max-snippet:-1, max-image-preview:large, max-video-preview:-1\" \/>\n<link rel=\"canonical\" href=\"https:\/\/congressinterceei.com\/iaseie\/index.php\/2019\/09\/18\/the-american-branch-of-the-iaseie\/\" \/>\n<meta property=\"og:locale\" content=\"en_US\" \/>\n<meta property=\"og:type\" content=\"article\" \/>\n<meta property=\"og:title\" content=\"THE AMERICAN BRANCH OF THE IASEIE - IASEIE\" \/>\n<meta property=\"og:description\" content=\"NOVEMBER 10TH. 2018 A better life for you, your family and your business.Faith \/ Health \/ Ethics \/ Education A for\u00e7a da f\u00e9 para uma vida integral na fam\u00edlia Ci\u00eancia, \u00e9tica, educa\u00e7\u00e3o integrada e qualidade de vida Estrat\u00e9gias para desenvolver o profissional integral O equil\u00edbrio emocional na forma\u00e7\u00e3o integral do homem Cr\u00e9dito &#8211; sua identidade financeira no crescimento integral Como orientar a fam\u00edlia na constru\u00e7\u00e3o do cr\u00e9dito nos USA\" \/>\n<meta property=\"og:url\" content=\"https:\/\/congressinterceei.com\/iaseie\/index.php\/2019\/09\/18\/the-american-branch-of-the-iaseie\/\" \/>\n<meta property=\"og:site_name\" content=\"IASEIE\" \/>\n<meta property=\"article:publisher\" content=\"https:\/\/www.facebook.com\/internationalaseieusa\/\" \/>\n<meta property=\"article:published_time\" content=\"2019-09-18T22:56:18+00:00\" \/>\n<meta property=\"article:modified_time\" content=\"2020-06-06T05:52:03+00:00\" \/>\n<meta property=\"og:image\" content=\"https:\/\/congressinterceei.com\/iaseie\/wp-content\/uploads\/2019\/09\/convite.jpg\" \/>\n\t<meta property=\"og:image:width\" content=\"480\" \/>\n\t<meta property=\"og:image:height\" content=\"787\" \/>\n\t<meta property=\"og:image:type\" content=\"image\/jpeg\" \/>\n<meta name=\"author\" content=\"Direto da Reda\u00e7\u00e3o\" \/>\n<meta name=\"twitter:card\" content=\"summary_large_image\" \/>\n<meta name=\"twitter:label1\" content=\"Written by\" \/>\n\t<meta name=\"twitter:data1\" content=\"Direto da Reda\u00e7\u00e3o\" \/>\n<script type=\"application\/ld+json\" class=\"yoast-schema-graph\">{\"@context\":\"https:\/\/schema.org\",\"@graph\":[{\"@type\":\"Article\",\"@id\":\"https:\/\/congressinterceei.com\/iaseie\/index.php\/2019\/09\/18\/the-american-branch-of-the-iaseie\/#article\",\"isPartOf\":{\"@id\":\"https:\/\/congressinterceei.com\/iaseie\/index.php\/2019\/09\/18\/the-american-branch-of-the-iaseie\/\"},\"author\":{\"name\":\"Direto da Reda\u00e7\u00e3o\",\"@id\":\"https:\/\/congressinterceei.com\/iaseie\/#\/schema\/person\/fe6662263455379bbf6ab12ad6411c90\"},\"headline\":\"THE AMERICAN BRANCH OF THE IASEIE\",\"datePublished\":\"2019-09-18T22:56:18+00:00\",\"dateModified\":\"2020-06-06T05:52:03+00:00\",\"mainEntityOfPage\":{\"@id\":\"https:\/\/congressinterceei.com\/iaseie\/index.php\/2019\/09\/18\/the-american-branch-of-the-iaseie\/\"},\"wordCount\":94,\"commentCount\":0,\"publisher\":{\"@id\":\"https:\/\/congressinterceei.com\/iaseie\/#organization\"},\"image\":{\"@id\":\"https:\/\/congressinterceei.com\/iaseie\/index.php\/2019\/09\/18\/the-american-branch-of-the-iaseie\/#primaryimage\"},\"thumbnailUrl\":\"https:\/\/congressinterceei.com\/iaseie\/wp-content\/uploads\/2019\/09\/convite.jpg\",\"keywords\":[\"cr\u00e9dito\",\"educa\u00e7\u00e3o\",\"estrat\u00e9gia\",\"fam\u00edlia\",\"F\u00e9\",\"profissional\",\"qualidade de vida\",\"vida integral\"],\"articleSection\":[\"News\"],\"inLanguage\":\"en-US\",\"potentialAction\":[{\"@type\":\"CommentAction\",\"name\":\"Comment\",\"target\":[\"https:\/\/congressinterceei.com\/iaseie\/index.php\/2019\/09\/18\/the-american-branch-of-the-iaseie\/#respond\"]}]},{\"@type\":\"WebPage\",\"@id\":\"https:\/\/congressinterceei.com\/iaseie\/index.php\/2019\/09\/18\/the-american-branch-of-the-iaseie\/\",\"url\":\"https:\/\/congressinterceei.com\/iaseie\/index.php\/2019\/09\/18\/the-american-branch-of-the-iaseie\/\",\"name\":\"THE AMERICAN BRANCH OF THE IASEIE - IASEIE\",\"isPartOf\":{\"@id\":\"https:\/\/congressinterceei.com\/iaseie\/#website\"},\"primaryImageOfPage\":{\"@id\":\"https:\/\/congressinterceei.com\/iaseie\/index.php\/2019\/09\/18\/the-american-branch-of-the-iaseie\/#primaryimage\"},\"image\":{\"@id\":\"https:\/\/congressinterceei.com\/iaseie\/index.php\/2019\/09\/18\/the-american-branch-of-the-iaseie\/#primaryimage\"},\"thumbnailUrl\":\"https:\/\/congressinterceei.com\/iaseie\/wp-content\/uploads\/2019\/09\/convite.jpg\",\"datePublished\":\"2019-09-18T22:56:18+00:00\",\"dateModified\":\"2020-06-06T05:52:03+00:00\",\"breadcrumb\":{\"@id\":\"https:\/\/congressinterceei.com\/iaseie\/index.php\/2019\/09\/18\/the-american-branch-of-the-iaseie\/#breadcrumb\"},\"inLanguage\":\"en-US\",\"potentialAction\":[{\"@type\":\"ReadAction\",\"target\":[\"https:\/\/congressinterceei.com\/iaseie\/index.php\/2019\/09\/18\/the-american-branch-of-the-iaseie\/\"]}]},{\"@type\":\"ImageObject\",\"inLanguage\":\"en-US\",\"@id\":\"https:\/\/congressinterceei.com\/iaseie\/index.php\/2019\/09\/18\/the-american-branch-of-the-iaseie\/#primaryimage\",\"url\":\"https:\/\/congressinterceei.com\/iaseie\/wp-content\/uploads\/2019\/09\/convite.jpg\",\"contentUrl\":\"https:\/\/congressinterceei.com\/iaseie\/wp-content\/uploads\/2019\/09\/convite.jpg\",\"width\":480,\"height\":787},{\"@type\":\"BreadcrumbList\",\"@id\":\"https:\/\/congressinterceei.com\/iaseie\/index.php\/2019\/09\/18\/the-american-branch-of-the-iaseie\/#breadcrumb\",\"itemListElement\":[{\"@type\":\"ListItem\",\"position\":1,\"name\":\"Home\",\"item\":\"https:\/\/congressinterceei.com\/iaseie\/\"},{\"@type\":\"ListItem\",\"position\":2,\"name\":\"THE AMERICAN BRANCH OF THE IASEIE\"}]},{\"@type\":\"WebSite\",\"@id\":\"https:\/\/congressinterceei.com\/iaseie\/#website\",\"url\":\"https:\/\/congressinterceei.com\/iaseie\/\",\"name\":\"IASEIE\",\"description\":\"THE INTERNACIONAL ASSOCIATION OF SCIENCE, ETHICS AND INTEGRATED EDUCATION\",\"publisher\":{\"@id\":\"https:\/\/congressinterceei.com\/iaseie\/#organization\"},\"potentialAction\":[{\"@type\":\"SearchAction\",\"target\":{\"@type\":\"EntryPoint\",\"urlTemplate\":\"https:\/\/congressinterceei.com\/iaseie\/?s={search_term_string}\"},\"query-input\":\"required name=search_term_string\"}],\"inLanguage\":\"en-US\"},{\"@type\":\"Organization\",\"@id\":\"https:\/\/congressinterceei.com\/iaseie\/#organization\",\"name\":\"IASEIE - THE INTERNACIONAL ASSOCIATION OF SCIENCE, ETHICS AND INTEGRATED EDUCATION\",\"url\":\"https:\/\/congressinterceei.com\/iaseie\/\",\"logo\":{\"@type\":\"ImageObject\",\"inLanguage\":\"en-US\",\"@id\":\"https:\/\/congressinterceei.com\/iaseie\/#\/schema\/logo\/image\/\",\"url\":\"https:\/\/congressinterceei.com\/iaseie\/wp-content\/uploads\/2019\/09\/logo_iaseie.png\",\"contentUrl\":\"https:\/\/congressinterceei.com\/iaseie\/wp-content\/uploads\/2019\/09\/logo_iaseie.png\",\"width\":820,\"height\":450,\"caption\":\"IASEIE - THE INTERNACIONAL ASSOCIATION OF SCIENCE, ETHICS AND INTEGRATED EDUCATION\"},\"image\":{\"@id\":\"https:\/\/congressinterceei.com\/iaseie\/#\/schema\/logo\/image\/\"},\"sameAs\":[\"https:\/\/www.facebook.com\/internationalaseieusa\/\",\"https:\/\/www.youtube.com\/channel\/UCJ7efGfZQHrdxLj4Jscu6Vg\",\"https:\/\/www.instagram.com\/iaseieinternacional\"]},{\"@type\":\"Person\",\"@id\":\"https:\/\/congressinterceei.com\/iaseie\/#\/schema\/person\/fe6662263455379bbf6ab12ad6411c90\",\"name\":\"Direto da Reda\u00e7\u00e3o\",\"image\":{\"@type\":\"ImageObject\",\"inLanguage\":\"en-US\",\"@id\":\"https:\/\/congressinterceei.com\/iaseie\/#\/schema\/person\/image\/\",\"url\":\"https:\/\/secure.gravatar.com\/avatar\/2496052b679cd00bc0c7ef16490273ae?s=96&d=mm&r=g\",\"contentUrl\":\"https:\/\/secure.gravatar.com\/avatar\/2496052b679cd00bc0c7ef16490273ae?s=96&d=mm&r=g\",\"caption\":\"Direto da Reda\u00e7\u00e3o\"},\"url\":\"https:\/\/congressinterceei.com\/iaseie\/index.php\/author\/congressinterceei\/\"}]}<\/script>\n<!-- \/ Yoast SEO plugin. -->","yoast_head_json":{"title":"THE AMERICAN BRANCH OF THE IASEIE - IASEIE","robots":{"index":"index","follow":"follow","max-snippet":"max-snippet:-1","max-image-preview":"max-image-preview:large","max-video-preview":"max-video-preview:-1"},"canonical":"https:\/\/congressinterceei.com\/iaseie\/index.php\/2019\/09\/18\/the-american-branch-of-the-iaseie\/","og_locale":"en_US","og_type":"article","og_title":"THE AMERICAN BRANCH OF THE IASEIE - IASEIE","og_description":"NOVEMBER 10TH. 2018 A better life for you, your family and your business.Faith \/ Health \/ Ethics \/ Education A for\u00e7a da f\u00e9 para uma vida integral na fam\u00edlia Ci\u00eancia, \u00e9tica, educa\u00e7\u00e3o integrada e qualidade de vida Estrat\u00e9gias para desenvolver o profissional integral O equil\u00edbrio emocional na forma\u00e7\u00e3o integral do homem Cr\u00e9dito &#8211; sua identidade financeira no crescimento integral Como orientar a fam\u00edlia na constru\u00e7\u00e3o do cr\u00e9dito nos USA","og_url":"https:\/\/congressinterceei.com\/iaseie\/index.php\/2019\/09\/18\/the-american-branch-of-the-iaseie\/","og_site_name":"IASEIE","article_publisher":"https:\/\/www.facebook.com\/internationalaseieusa\/","article_published_time":"2019-09-18T22:56:18+00:00","article_modified_time":"2020-06-06T05:52:03+00:00","og_image":[{"width":480,"height":787,"url":"https:\/\/congressinterceei.com\/iaseie\/wp-content\/uploads\/2019\/09\/convite.jpg","type":"image\/jpeg"}],"author":"Direto da Reda\u00e7\u00e3o","twitter_card":"summary_large_image","twitter_misc":{"Written by":"Direto da Reda\u00e7\u00e3o"},"schema":{"@context":"https:\/\/schema.org","@graph":[{"@type":"Article","@id":"https:\/\/congressinterceei.com\/iaseie\/index.php\/2019\/09\/18\/the-american-branch-of-the-iaseie\/#article","isPartOf":{"@id":"https:\/\/congressinterceei.com\/iaseie\/index.php\/2019\/09\/18\/the-american-branch-of-the-iaseie\/"},"author":{"name":"Direto da Reda\u00e7\u00e3o","@id":"https:\/\/congressinterceei.com\/iaseie\/#\/schema\/person\/fe6662263455379bbf6ab12ad6411c90"},"headline":"THE AMERICAN BRANCH OF THE IASEIE","datePublished":"2019-09-18T22:56:18+00:00","dateModified":"2020-06-06T05:52:03+00:00","mainEntityOfPage":{"@id":"https:\/\/congressinterceei.com\/iaseie\/index.php\/2019\/09\/18\/the-american-branch-of-the-iaseie\/"},"wordCount":94,"commentCount":0,"publisher":{"@id":"https:\/\/congressinterceei.com\/iaseie\/#organization"},"image":{"@id":"https:\/\/congressinterceei.com\/iaseie\/index.php\/2019\/09\/18\/the-american-branch-of-the-iaseie\/#primaryimage"},"thumbnailUrl":"https:\/\/congressinterceei.com\/iaseie\/wp-content\/uploads\/2019\/09\/convite.jpg","keywords":["cr\u00e9dito","educa\u00e7\u00e3o","estrat\u00e9gia","fam\u00edlia","F\u00e9","profissional","qualidade de vida","vida integral"],"articleSection":["News"],"inLanguage":"en-US","potentialAction":[{"@type":"CommentAction","name":"Comment","target":["https:\/\/congressinterceei.com\/iaseie\/index.php\/2019\/09\/18\/the-american-branch-of-the-iaseie\/#respond"]}]},{"@type":"WebPage","@id":"https:\/\/congressinterceei.com\/iaseie\/index.php\/2019\/09\/18\/the-american-branch-of-the-iaseie\/","url":"https:\/\/congressinterceei.com\/iaseie\/index.php\/2019\/09\/18\/the-american-branch-of-the-iaseie\/","name":"THE AMERICAN BRANCH OF THE IASEIE - IASEIE","isPartOf":{"@id":"https:\/\/congressinterceei.com\/iaseie\/#website"},"primaryImageOfPage":{"@id":"https:\/\/congressinterceei.com\/iaseie\/index.php\/2019\/09\/18\/the-american-branch-of-the-iaseie\/#primaryimage"},"image":{"@id":"https:\/\/congressinterceei.com\/iaseie\/index.php\/2019\/09\/18\/the-american-branch-of-the-iaseie\/#primaryimage"},"thumbnailUrl":"https:\/\/congressinterceei.com\/iaseie\/wp-content\/uploads\/2019\/09\/convite.jpg","datePublished":"2019-09-18T22:56:18+00:00","dateModified":"2020-06-06T05:52:03+00:00","breadcrumb":{"@id":"https:\/\/congressinterceei.com\/iaseie\/index.php\/2019\/09\/18\/the-american-branch-of-the-iaseie\/#breadcrumb"},"inLanguage":"en-US","potentialAction":[{"@type":"ReadAction","target":["https:\/\/congressinterceei.com\/iaseie\/index.php\/2019\/09\/18\/the-american-branch-of-the-iaseie\/"]}]},{"@type":"ImageObject","inLanguage":"en-US","@id":"https:\/\/congressinterceei.com\/iaseie\/index.php\/2019\/09\/18\/the-american-branch-of-the-iaseie\/#primaryimage","url":"https:\/\/congressinterceei.com\/iaseie\/wp-content\/uploads\/2019\/09\/convite.jpg","contentUrl":"https:\/\/congressinterceei.com\/iaseie\/wp-content\/uploads\/2019\/09\/convite.jpg","width":480,"height":787},{"@type":"BreadcrumbList","@id":"https:\/\/congressinterceei.com\/iaseie\/index.php\/2019\/09\/18\/the-american-branch-of-the-iaseie\/#breadcrumb","itemListElement":[{"@type":"ListItem","position":1,"name":"Home","item":"https:\/\/congressinterceei.com\/iaseie\/"},{"@type":"ListItem","position":2,"name":"THE AMERICAN BRANCH OF THE IASEIE"}]},{"@type":"WebSite","@id":"https:\/\/congressinterceei.com\/iaseie\/#website","url":"https:\/\/congressinterceei.com\/iaseie\/","name":"IASEIE","description":"THE INTERNACIONAL ASSOCIATION OF SCIENCE, ETHICS AND INTEGRATED EDUCATION","publisher":{"@id":"https:\/\/congressinterceei.com\/iaseie\/#organization"},"potentialAction":[{"@type":"SearchAction","target":{"@type":"EntryPoint","urlTemplate":"https:\/\/congressinterceei.com\/iaseie\/?s={search_term_string}"},"query-input":"required name=search_term_string"}],"inLanguage":"en-US"},{"@type":"Organization","@id":"https:\/\/congressinterceei.com\/iaseie\/#organization","name":"IASEIE - THE INTERNACIONAL ASSOCIATION OF SCIENCE, ETHICS AND INTEGRATED EDUCATION","url":"https:\/\/congressinterceei.com\/iaseie\/","logo":{"@type":"ImageObject","inLanguage":"en-US","@id":"https:\/\/congressinterceei.com\/iaseie\/#\/schema\/logo\/image\/","url":"https:\/\/congressinterceei.com\/iaseie\/wp-content\/uploads\/2019\/09\/logo_iaseie.png","contentUrl":"https:\/\/congressinterceei.com\/iaseie\/wp-content\/uploads\/2019\/09\/logo_iaseie.png","width":820,"height":450,"caption":"IASEIE - THE INTERNACIONAL ASSOCIATION OF SCIENCE, ETHICS AND INTEGRATED EDUCATION"},"image":{"@id":"https:\/\/congressinterceei.com\/iaseie\/#\/schema\/logo\/image\/"},"sameAs":["https:\/\/www.facebook.com\/internationalaseieusa\/","https:\/\/www.youtube.com\/channel\/UCJ7efGfZQHrdxLj4Jscu6Vg","https:\/\/www.instagram.com\/iaseieinternacional"]},{"@type":"Person","@id":"https:\/\/congressinterceei.com\/iaseie\/#\/schema\/person\/fe6662263455379bbf6ab12ad6411c90","name":"Direto da Reda\u00e7\u00e3o","image":{"@type":"ImageObject","inLanguage":"en-US","@id":"https:\/\/congressinterceei.com\/iaseie\/#\/schema\/person\/image\/","url":"https:\/\/secure.gravatar.com\/avatar\/2496052b679cd00bc0c7ef16490273ae?s=96&d=mm&r=g","contentUrl":"https:\/\/secure.gravatar.com\/avatar\/2496052b679cd00bc0c7ef16490273ae?s=96&d=mm&r=g","caption":"Direto da Reda\u00e7\u00e3o"},"url":"https:\/\/congressinterceei.com\/iaseie\/index.php\/author\/congressinterceei\/"}]}},"_links":{"self":[{"href":"https:\/\/congressinterceei.com\/iaseie\/index.php\/wp-json\/wp\/v2\/posts\/620"}],"collection":[{"href":"https:\/\/congressinterceei.com\/iaseie\/index.php\/wp-json\/wp\/v2\/posts"}],"about":[{"href":"https:\/\/congressinterceei.com\/iaseie\/index.php\/wp-json\/wp\/v2\/types\/post"}],"author":[{"embeddable":true,"href":"https:\/\/congressinterceei.com\/iaseie\/index.php\/wp-json\/wp\/v2\/users\/1"}],"replies":[{"embeddable":true,"href":"https:\/\/congressinterceei.com\/iaseie\/index.php\/wp-json\/wp\/v2\/comments?post=620"}],"version-history":[{"count":2,"href":"https:\/\/congressinterceei.com\/iaseie\/index.php\/wp-json\/wp\/v2\/posts\/620\/revisions"}],"predecessor-version":[{"id":778,"href":"https:\/\/congressinterceei.com\/iaseie\/index.php\/wp-json\/wp\/v2\/posts\/620\/revisions\/778"}],"wp:featuredmedia":[{"embeddable":true,"href":"https:\/\/congressinterceei.com\/iaseie\/index.php\/wp-json\/wp\/v2\/media\/621"}],"wp:attachment":[{"href":"https:\/\/congressinterceei.com\/iaseie\/index.php\/wp-json\/wp\/v2\/media?parent=620"}],"wp:term":[{"taxonomy":"category","embeddable":true,"href":"https:\/\/congressinterceei.com\/iaseie\/index.php\/wp-json\/wp\/v2\/categories?post=620"},{"taxonomy":"post_tag","embeddable":true,"href":"https:\/\/congressinterceei.com\/iaseie\/index.php\/wp-json\/wp\/v2\/tags?post=620"}],"curies":[{"name":"wp","href":"https:\/\/api.w.org\/{rel}","templated":true}]}}