{"id":637,"date":"2019-09-18T20:21:30","date_gmt":"2019-09-18T23:21:30","guid":{"rendered":"http:\/\/congressinterceei.com\/iaseie\/?p=637"},"modified":"2019-09-18T20:27:45","modified_gmt":"2019-09-18T23:27:45","slug":"remembering-the-first-international-congress","status":"publish","type":"post","link":"https:\/\/congressinterceei.com\/iaseie\/index.php\/2019\/09\/18\/remembering-the-first-international-congress\/","title":{"rendered":"REMEMBERING THE FIRST INTERNATIONAL CONGRESS"},"content":{"rendered":"\n<p>28 a 30 de outubro de 2010<\/p>\n\n\n\n<p>1\u00ba Congresso Internacional de Ci\u00eancia, \u00c9tica e Educa\u00e7\u00e3o Integrada (Vendo o que n\u00e3o se v\u00ea). Ocorrido no Hotel SERHS em Natal\/RN (Brasil).<\/p>\n\n\n\n<figure class=\"wp-block-image\"><img loading=\"lazy\" decoding=\"async\" width=\"960\" height=\"612\" src=\"http:\/\/congressinterceei.com\/iaseie\/wp-content\/uploads\/2019\/09\/64241927_1983330411770976_888749542382501888_n.jpg\" alt=\"\" class=\"wp-image-640\" srcset=\"https:\/\/congressinterceei.com\/iaseie\/wp-content\/uploads\/2019\/09\/64241927_1983330411770976_888749542382501888_n.jpg 960w, https:\/\/congressinterceei.com\/iaseie\/wp-content\/uploads\/2019\/09\/64241927_1983330411770976_888749542382501888_n-300x191.jpg 300w, https:\/\/congressinterceei.com\/iaseie\/wp-content\/uploads\/2019\/09\/64241927_1983330411770976_888749542382501888_n-768x490.jpg 768w\" sizes=\"(max-width: 960px) 100vw, 960px\" \/><\/figure>\n\n\n\n<figure class=\"wp-block-image\"><img loading=\"lazy\" decoding=\"async\" width=\"960\" height=\"636\" src=\"http:\/\/congressinterceei.com\/iaseie\/wp-content\/uploads\/2019\/09\/62423931_1983330368437647_8196477976657788928_n.jpg\" alt=\"\" class=\"wp-image-639\" srcset=\"https:\/\/congressinterceei.com\/iaseie\/wp-content\/uploads\/2019\/09\/62423931_1983330368437647_8196477976657788928_n.jpg 960w, https:\/\/congressinterceei.com\/iaseie\/wp-content\/uploads\/2019\/09\/62423931_1983330368437647_8196477976657788928_n-300x199.jpg 300w, https:\/\/congressinterceei.com\/iaseie\/wp-content\/uploads\/2019\/09\/62423931_1983330368437647_8196477976657788928_n-768x509.jpg 768w\" sizes=\"(max-width: 960px) 100vw, 960px\" \/><\/figure>\n\n\n\n<figure class=\"wp-block-image\"><img loading=\"lazy\" decoding=\"async\" width=\"960\" height=\"714\" src=\"http:\/\/congressinterceei.com\/iaseie\/wp-content\/uploads\/2019\/09\/64269035_1983330308437653_5326539108158275584_n.jpg\" alt=\"\" class=\"wp-image-641\" srcset=\"https:\/\/congressinterceei.com\/iaseie\/wp-content\/uploads\/2019\/09\/64269035_1983330308437653_5326539108158275584_n.jpg 960w, https:\/\/congressinterceei.com\/iaseie\/wp-content\/uploads\/2019\/09\/64269035_1983330308437653_5326539108158275584_n-300x223.jpg 300w, https:\/\/congressinterceei.com\/iaseie\/wp-content\/uploads\/2019\/09\/64269035_1983330308437653_5326539108158275584_n-768x571.jpg 768w\" sizes=\"(max-width: 960px) 100vw, 960px\" \/><\/figure>\n","protected":false},"excerpt":{"rendered":"<p>28 a 30 de outubro de 2010 1\u00ba Congresso Internacional de Ci\u00eancia, \u00c9tica e Educa\u00e7\u00e3o Integrada (Vendo o que n\u00e3o se v\u00ea). Ocorrido no Hotel SERHS em Natal\/RN (Brasil).<\/p>\n","protected":false},"author":1,"featured_media":638,"comment_status":"open","ping_status":"open","sticky":false,"template":"","format":"standard","meta":{"footnotes":""},"categories":[2],"tags":[],"yoast_head":"<!-- This site is optimized with the Yoast SEO plugin v22.6 - https:\/\/yoast.com\/wordpress\/plugins\/seo\/ -->\n<title>REMEMBERING THE FIRST INTERNATIONAL CONGRESS - IASEIE<\/title>\n<meta name=\"robots\" content=\"index, follow, max-snippet:-1, max-image-preview:large, max-video-preview:-1\" \/>\n<link rel=\"canonical\" href=\"https:\/\/congressinterceei.com\/iaseie\/index.php\/2019\/09\/18\/remembering-the-first-international-congress\/\" \/>\n<meta property=\"og:locale\" content=\"en_US\" \/>\n<meta property=\"og:type\" content=\"article\" \/>\n<meta property=\"og:title\" content=\"REMEMBERING THE FIRST INTERNATIONAL CONGRESS - IASEIE\" \/>\n<meta property=\"og:description\" content=\"28 a 30 de outubro de 2010 1\u00ba Congresso Internacional de Ci\u00eancia, \u00c9tica e Educa\u00e7\u00e3o Integrada (Vendo o que n\u00e3o se v\u00ea). Ocorrido no Hotel SERHS em Natal\/RN (Brasil).\" \/>\n<meta property=\"og:url\" content=\"https:\/\/congressinterceei.com\/iaseie\/index.php\/2019\/09\/18\/remembering-the-first-international-congress\/\" \/>\n<meta property=\"og:site_name\" content=\"IASEIE\" \/>\n<meta property=\"article:publisher\" content=\"https:\/\/www.facebook.com\/internationalaseieusa\/\" \/>\n<meta property=\"article:published_time\" content=\"2019-09-18T23:21:30+00:00\" \/>\n<meta property=\"article:modified_time\" content=\"2019-09-18T23:27:45+00:00\" \/>\n<meta property=\"og:image\" content=\"https:\/\/congressinterceei.com\/iaseie\/wp-content\/uploads\/2019\/09\/62343008_1983330478437636_4027740688610230272_n.jpg\" \/>\n\t<meta property=\"og:image:width\" content=\"960\" \/>\n\t<meta property=\"og:image:height\" content=\"696\" \/>\n\t<meta property=\"og:image:type\" content=\"image\/jpeg\" \/>\n<meta name=\"author\" content=\"Direto da Reda\u00e7\u00e3o\" \/>\n<meta name=\"twitter:card\" content=\"summary_large_image\" \/>\n<meta name=\"twitter:label1\" content=\"Written by\" \/>\n\t<meta name=\"twitter:data1\" content=\"Direto da Reda\u00e7\u00e3o\" \/>\n<script type=\"application\/ld+json\" class=\"yoast-schema-graph\">{\"@context\":\"https:\/\/schema.org\",\"@graph\":[{\"@type\":\"Article\",\"@id\":\"https:\/\/congressinterceei.com\/iaseie\/index.php\/2019\/09\/18\/remembering-the-first-international-congress\/#article\",\"isPartOf\":{\"@id\":\"https:\/\/congressinterceei.com\/iaseie\/index.php\/2019\/09\/18\/remembering-the-first-international-congress\/\"},\"author\":{\"name\":\"Direto da Reda\u00e7\u00e3o\",\"@id\":\"https:\/\/congressinterceei.com\/iaseie\/#\/schema\/person\/fe6662263455379bbf6ab12ad6411c90\"},\"headline\":\"REMEMBERING THE FIRST INTERNATIONAL CONGRESS\",\"datePublished\":\"2019-09-18T23:21:30+00:00\",\"dateModified\":\"2019-09-18T23:27:45+00:00\",\"mainEntityOfPage\":{\"@id\":\"https:\/\/congressinterceei.com\/iaseie\/index.php\/2019\/09\/18\/remembering-the-first-international-congress\/\"},\"wordCount\":34,\"commentCount\":0,\"publisher\":{\"@id\":\"https:\/\/congressinterceei.com\/iaseie\/#organization\"},\"image\":{\"@id\":\"https:\/\/congressinterceei.com\/iaseie\/index.php\/2019\/09\/18\/remembering-the-first-international-congress\/#primaryimage\"},\"thumbnailUrl\":\"https:\/\/congressinterceei.com\/iaseie\/wp-content\/uploads\/2019\/09\/62343008_1983330478437636_4027740688610230272_n.jpg\",\"articleSection\":[\"News\"],\"inLanguage\":\"en-US\",\"potentialAction\":[{\"@type\":\"CommentAction\",\"name\":\"Comment\",\"target\":[\"https:\/\/congressinterceei.com\/iaseie\/index.php\/2019\/09\/18\/remembering-the-first-international-congress\/#respond\"]}]},{\"@type\":\"WebPage\",\"@id\":\"https:\/\/congressinterceei.com\/iaseie\/index.php\/2019\/09\/18\/remembering-the-first-international-congress\/\",\"url\":\"https:\/\/congressinterceei.com\/iaseie\/index.php\/2019\/09\/18\/remembering-the-first-international-congress\/\",\"name\":\"REMEMBERING THE FIRST INTERNATIONAL CONGRESS - IASEIE\",\"isPartOf\":{\"@id\":\"https:\/\/congressinterceei.com\/iaseie\/#website\"},\"primaryImageOfPage\":{\"@id\":\"https:\/\/congressinterceei.com\/iaseie\/index.php\/2019\/09\/18\/remembering-the-first-international-congress\/#primaryimage\"},\"image\":{\"@id\":\"https:\/\/congressinterceei.com\/iaseie\/index.php\/2019\/09\/18\/remembering-the-first-international-congress\/#primaryimage\"},\"thumbnailUrl\":\"https:\/\/congressinterceei.com\/iaseie\/wp-content\/uploads\/2019\/09\/62343008_1983330478437636_4027740688610230272_n.jpg\",\"datePublished\":\"2019-09-18T23:21:30+00:00\",\"dateModified\":\"2019-09-18T23:27:45+00:00\",\"breadcrumb\":{\"@id\":\"https:\/\/congressinterceei.com\/iaseie\/index.php\/2019\/09\/18\/remembering-the-first-international-congress\/#breadcrumb\"},\"inLanguage\":\"en-US\",\"potentialAction\":[{\"@type\":\"ReadAction\",\"target\":[\"https:\/\/congressinterceei.com\/iaseie\/index.php\/2019\/09\/18\/remembering-the-first-international-congress\/\"]}]},{\"@type\":\"ImageObject\",\"inLanguage\":\"en-US\",\"@id\":\"https:\/\/congressinterceei.com\/iaseie\/index.php\/2019\/09\/18\/remembering-the-first-international-congress\/#primaryimage\",\"url\":\"https:\/\/congressinterceei.com\/iaseie\/wp-content\/uploads\/2019\/09\/62343008_1983330478437636_4027740688610230272_n.jpg\",\"contentUrl\":\"https:\/\/congressinterceei.com\/iaseie\/wp-content\/uploads\/2019\/09\/62343008_1983330478437636_4027740688610230272_n.jpg\",\"width\":960,\"height\":696},{\"@type\":\"BreadcrumbList\",\"@id\":\"https:\/\/congressinterceei.com\/iaseie\/index.php\/2019\/09\/18\/remembering-the-first-international-congress\/#breadcrumb\",\"itemListElement\":[{\"@type\":\"ListItem\",\"position\":1,\"name\":\"Home\",\"item\":\"https:\/\/congressinterceei.com\/iaseie\/\"},{\"@type\":\"ListItem\",\"position\":2,\"name\":\"REMEMBERING THE FIRST INTERNATIONAL CONGRESS\"}]},{\"@type\":\"WebSite\",\"@id\":\"https:\/\/congressinterceei.com\/iaseie\/#website\",\"url\":\"https:\/\/congressinterceei.com\/iaseie\/\",\"name\":\"IASEIE\",\"description\":\"THE INTERNACIONAL ASSOCIATION OF SCIENCE, ETHICS AND INTEGRATED EDUCATION\",\"publisher\":{\"@id\":\"https:\/\/congressinterceei.com\/iaseie\/#organization\"},\"potentialAction\":[{\"@type\":\"SearchAction\",\"target\":{\"@type\":\"EntryPoint\",\"urlTemplate\":\"https:\/\/congressinterceei.com\/iaseie\/?s={search_term_string}\"},\"query-input\":\"required name=search_term_string\"}],\"inLanguage\":\"en-US\"},{\"@type\":\"Organization\",\"@id\":\"https:\/\/congressinterceei.com\/iaseie\/#organization\",\"name\":\"IASEIE - THE INTERNACIONAL ASSOCIATION OF SCIENCE, ETHICS AND INTEGRATED EDUCATION\",\"url\":\"https:\/\/congressinterceei.com\/iaseie\/\",\"logo\":{\"@type\":\"ImageObject\",\"inLanguage\":\"en-US\",\"@id\":\"https:\/\/congressinterceei.com\/iaseie\/#\/schema\/logo\/image\/\",\"url\":\"https:\/\/congressinterceei.com\/iaseie\/wp-content\/uploads\/2019\/09\/logo_iaseie.png\",\"contentUrl\":\"https:\/\/congressinterceei.com\/iaseie\/wp-content\/uploads\/2019\/09\/logo_iaseie.png\",\"width\":820,\"height\":450,\"caption\":\"IASEIE - THE INTERNACIONAL ASSOCIATION OF SCIENCE, ETHICS AND INTEGRATED EDUCATION\"},\"image\":{\"@id\":\"https:\/\/congressinterceei.com\/iaseie\/#\/schema\/logo\/image\/\"},\"sameAs\":[\"https:\/\/www.facebook.com\/internationalaseieusa\/\",\"https:\/\/www.youtube.com\/channel\/UCJ7efGfZQHrdxLj4Jscu6Vg\",\"https:\/\/www.instagram.com\/iaseieinternacional\"]},{\"@type\":\"Person\",\"@id\":\"https:\/\/congressinterceei.com\/iaseie\/#\/schema\/person\/fe6662263455379bbf6ab12ad6411c90\",\"name\":\"Direto da Reda\u00e7\u00e3o\",\"image\":{\"@type\":\"ImageObject\",\"inLanguage\":\"en-US\",\"@id\":\"https:\/\/congressinterceei.com\/iaseie\/#\/schema\/person\/image\/\",\"url\":\"https:\/\/secure.gravatar.com\/avatar\/2496052b679cd00bc0c7ef16490273ae?s=96&d=mm&r=g\",\"contentUrl\":\"https:\/\/secure.gravatar.com\/avatar\/2496052b679cd00bc0c7ef16490273ae?s=96&d=mm&r=g\",\"caption\":\"Direto da Reda\u00e7\u00e3o\"},\"url\":\"https:\/\/congressinterceei.com\/iaseie\/index.php\/author\/congressinterceei\/\"}]}<\/script>\n<!-- \/ Yoast SEO plugin. -->","yoast_head_json":{"title":"REMEMBERING THE FIRST INTERNATIONAL CONGRESS - IASEIE","robots":{"index":"index","follow":"follow","max-snippet":"max-snippet:-1","max-image-preview":"max-image-preview:large","max-video-preview":"max-video-preview:-1"},"canonical":"https:\/\/congressinterceei.com\/iaseie\/index.php\/2019\/09\/18\/remembering-the-first-international-congress\/","og_locale":"en_US","og_type":"article","og_title":"REMEMBERING THE FIRST INTERNATIONAL CONGRESS - IASEIE","og_description":"28 a 30 de outubro de 2010 1\u00ba Congresso Internacional de Ci\u00eancia, \u00c9tica e Educa\u00e7\u00e3o Integrada (Vendo o que n\u00e3o se v\u00ea). Ocorrido no Hotel SERHS em Natal\/RN (Brasil).","og_url":"https:\/\/congressinterceei.com\/iaseie\/index.php\/2019\/09\/18\/remembering-the-first-international-congress\/","og_site_name":"IASEIE","article_publisher":"https:\/\/www.facebook.com\/internationalaseieusa\/","article_published_time":"2019-09-18T23:21:30+00:00","article_modified_time":"2019-09-18T23:27:45+00:00","og_image":[{"width":960,"height":696,"url":"https:\/\/congressinterceei.com\/iaseie\/wp-content\/uploads\/2019\/09\/62343008_1983330478437636_4027740688610230272_n.jpg","type":"image\/jpeg"}],"author":"Direto da Reda\u00e7\u00e3o","twitter_card":"summary_large_image","twitter_misc":{"Written by":"Direto da Reda\u00e7\u00e3o"},"schema":{"@context":"https:\/\/schema.org","@graph":[{"@type":"Article","@id":"https:\/\/congressinterceei.com\/iaseie\/index.php\/2019\/09\/18\/remembering-the-first-international-congress\/#article","isPartOf":{"@id":"https:\/\/congressinterceei.com\/iaseie\/index.php\/2019\/09\/18\/remembering-the-first-international-congress\/"},"author":{"name":"Direto da Reda\u00e7\u00e3o","@id":"https:\/\/congressinterceei.com\/iaseie\/#\/schema\/person\/fe6662263455379bbf6ab12ad6411c90"},"headline":"REMEMBERING THE FIRST INTERNATIONAL CONGRESS","datePublished":"2019-09-18T23:21:30+00:00","dateModified":"2019-09-18T23:27:45+00:00","mainEntityOfPage":{"@id":"https:\/\/congressinterceei.com\/iaseie\/index.php\/2019\/09\/18\/remembering-the-first-international-congress\/"},"wordCount":34,"commentCount":0,"publisher":{"@id":"https:\/\/congressinterceei.com\/iaseie\/#organization"},"image":{"@id":"https:\/\/congressinterceei.com\/iaseie\/index.php\/2019\/09\/18\/remembering-the-first-international-congress\/#primaryimage"},"thumbnailUrl":"https:\/\/congressinterceei.com\/iaseie\/wp-content\/uploads\/2019\/09\/62343008_1983330478437636_4027740688610230272_n.jpg","articleSection":["News"],"inLanguage":"en-US","potentialAction":[{"@type":"CommentAction","name":"Comment","target":["https:\/\/congressinterceei.com\/iaseie\/index.php\/2019\/09\/18\/remembering-the-first-international-congress\/#respond"]}]},{"@type":"WebPage","@id":"https:\/\/congressinterceei.com\/iaseie\/index.php\/2019\/09\/18\/remembering-the-first-international-congress\/","url":"https:\/\/congressinterceei.com\/iaseie\/index.php\/2019\/09\/18\/remembering-the-first-international-congress\/","name":"REMEMBERING THE FIRST INTERNATIONAL CONGRESS - IASEIE","isPartOf":{"@id":"https:\/\/congressinterceei.com\/iaseie\/#website"},"primaryImageOfPage":{"@id":"https:\/\/congressinterceei.com\/iaseie\/index.php\/2019\/09\/18\/remembering-the-first-international-congress\/#primaryimage"},"image":{"@id":"https:\/\/congressinterceei.com\/iaseie\/index.php\/2019\/09\/18\/remembering-the-first-international-congress\/#primaryimage"},"thumbnailUrl":"https:\/\/congressinterceei.com\/iaseie\/wp-content\/uploads\/2019\/09\/62343008_1983330478437636_4027740688610230272_n.jpg","datePublished":"2019-09-18T23:21:30+00:00","dateModified":"2019-09-18T23:27:45+00:00","breadcrumb":{"@id":"https:\/\/congressinterceei.com\/iaseie\/index.php\/2019\/09\/18\/remembering-the-first-international-congress\/#breadcrumb"},"inLanguage":"en-US","potentialAction":[{"@type":"ReadAction","target":["https:\/\/congressinterceei.com\/iaseie\/index.php\/2019\/09\/18\/remembering-the-first-international-congress\/"]}]},{"@type":"ImageObject","inLanguage":"en-US","@id":"https:\/\/congressinterceei.com\/iaseie\/index.php\/2019\/09\/18\/remembering-the-first-international-congress\/#primaryimage","url":"https:\/\/congressinterceei.com\/iaseie\/wp-content\/uploads\/2019\/09\/62343008_1983330478437636_4027740688610230272_n.jpg","contentUrl":"https:\/\/congressinterceei.com\/iaseie\/wp-content\/uploads\/2019\/09\/62343008_1983330478437636_4027740688610230272_n.jpg","width":960,"height":696},{"@type":"BreadcrumbList","@id":"https:\/\/congressinterceei.com\/iaseie\/index.php\/2019\/09\/18\/remembering-the-first-international-congress\/#breadcrumb","itemListElement":[{"@type":"ListItem","position":1,"name":"Home","item":"https:\/\/congressinterceei.com\/iaseie\/"},{"@type":"ListItem","position":2,"name":"REMEMBERING THE FIRST INTERNATIONAL CONGRESS"}]},{"@type":"WebSite","@id":"https:\/\/congressinterceei.com\/iaseie\/#website","url":"https:\/\/congressinterceei.com\/iaseie\/","name":"IASEIE","description":"THE INTERNACIONAL ASSOCIATION OF SCIENCE, ETHICS AND INTEGRATED EDUCATION","publisher":{"@id":"https:\/\/congressinterceei.com\/iaseie\/#organization"},"potentialAction":[{"@type":"SearchAction","target":{"@type":"EntryPoint","urlTemplate":"https:\/\/congressinterceei.com\/iaseie\/?s={search_term_string}"},"query-input":"required name=search_term_string"}],"inLanguage":"en-US"},{"@type":"Organization","@id":"https:\/\/congressinterceei.com\/iaseie\/#organization","name":"IASEIE - THE INTERNACIONAL ASSOCIATION OF SCIENCE, ETHICS AND INTEGRATED EDUCATION","url":"https:\/\/congressinterceei.com\/iaseie\/","logo":{"@type":"ImageObject","inLanguage":"en-US","@id":"https:\/\/congressinterceei.com\/iaseie\/#\/schema\/logo\/image\/","url":"https:\/\/congressinterceei.com\/iaseie\/wp-content\/uploads\/2019\/09\/logo_iaseie.png","contentUrl":"https:\/\/congressinterceei.com\/iaseie\/wp-content\/uploads\/2019\/09\/logo_iaseie.png","width":820,"height":450,"caption":"IASEIE - THE INTERNACIONAL ASSOCIATION OF SCIENCE, ETHICS AND INTEGRATED EDUCATION"},"image":{"@id":"https:\/\/congressinterceei.com\/iaseie\/#\/schema\/logo\/image\/"},"sameAs":["https:\/\/www.facebook.com\/internationalaseieusa\/","https:\/\/www.youtube.com\/channel\/UCJ7efGfZQHrdxLj4Jscu6Vg","https:\/\/www.instagram.com\/iaseieinternacional"]},{"@type":"Person","@id":"https:\/\/congressinterceei.com\/iaseie\/#\/schema\/person\/fe6662263455379bbf6ab12ad6411c90","name":"Direto da Reda\u00e7\u00e3o","image":{"@type":"ImageObject","inLanguage":"en-US","@id":"https:\/\/congressinterceei.com\/iaseie\/#\/schema\/person\/image\/","url":"https:\/\/secure.gravatar.com\/avatar\/2496052b679cd00bc0c7ef16490273ae?s=96&d=mm&r=g","contentUrl":"https:\/\/secure.gravatar.com\/avatar\/2496052b679cd00bc0c7ef16490273ae?s=96&d=mm&r=g","caption":"Direto da Reda\u00e7\u00e3o"},"url":"https:\/\/congressinterceei.com\/iaseie\/index.php\/author\/congressinterceei\/"}]}},"_links":{"self":[{"href":"https:\/\/congressinterceei.com\/iaseie\/index.php\/wp-json\/wp\/v2\/posts\/637"}],"collection":[{"href":"https:\/\/congressinterceei.com\/iaseie\/index.php\/wp-json\/wp\/v2\/posts"}],"about":[{"href":"https:\/\/congressinterceei.com\/iaseie\/index.php\/wp-json\/wp\/v2\/types\/post"}],"author":[{"embeddable":true,"href":"https:\/\/congressinterceei.com\/iaseie\/index.php\/wp-json\/wp\/v2\/users\/1"}],"replies":[{"embeddable":true,"href":"https:\/\/congressinterceei.com\/iaseie\/index.php\/wp-json\/wp\/v2\/comments?post=637"}],"version-history":[{"count":2,"href":"https:\/\/congressinterceei.com\/iaseie\/index.php\/wp-json\/wp\/v2\/posts\/637\/revisions"}],"predecessor-version":[{"id":643,"href":"https:\/\/congressinterceei.com\/iaseie\/index.php\/wp-json\/wp\/v2\/posts\/637\/revisions\/643"}],"wp:featuredmedia":[{"embeddable":true,"href":"https:\/\/congressinterceei.com\/iaseie\/index.php\/wp-json\/wp\/v2\/media\/638"}],"wp:attachment":[{"href":"https:\/\/congressinterceei.com\/iaseie\/index.php\/wp-json\/wp\/v2\/media?parent=637"}],"wp:term":[{"taxonomy":"category","embeddable":true,"href":"https:\/\/congressinterceei.com\/iaseie\/index.php\/wp-json\/wp\/v2\/categories?post=637"},{"taxonomy":"post_tag","embeddable":true,"href":"https:\/\/congressinterceei.com\/iaseie\/index.php\/wp-json\/wp\/v2\/tags?post=637"}],"curies":[{"name":"wp","href":"https:\/\/api.w.org\/{rel}","templated":true}]}}