{"id":842,"date":"2020-10-23T19:51:59","date_gmt":"2020-10-23T22:51:59","guid":{"rendered":"http:\/\/congressinterceei.com\/iaseie\/?p=842"},"modified":"2020-10-23T19:53:47","modified_gmt":"2020-10-23T22:53:47","slug":"introducing-dra-suleima-farhate-cury-medica-dermatologista-speaker-at-iaseie","status":"publish","type":"post","link":"https:\/\/congressinterceei.com\/iaseie\/index.php\/2020\/10\/23\/introducing-dra-suleima-farhate-cury-medica-dermatologista-speaker-at-iaseie\/","title":{"rendered":"INTRODUCING: Dra. Suleima Farhate Cury, m\u00e9dica, dermatologista \u2013 SPEAKER AT IASEIE"},"content":{"rendered":"\n<p> PALESTRANTE DA IASEIE \u2013 AMERICAN BRANCH, DESDE 2012 \u2013\u00a0 M\u00e9dica, dermatologista, Crist\u00e3, palestrante e da equipe de organiza\u00e7\u00e3o do 2\u00ba Congresso Internacional da IASEIE, em Dezembro de 2012, ao lado do seu esposo M\u00e9dico Psiquiatra, Escritor brasileiro, Dr. Augusto Cury, autor da Teoria da Intelig\u00eancia Multifocal, tamb\u00e9m nosso palestrante, durante o 2\u00ba Congresso Internacional, na Est\u00e2ncia \u00c1rvore da Vida, em Sumar\u00e9, S\u00e3o Paulo\/Brasil.<\/p>\n\n\n\n<figure class=\"wp-block-video aligncenter\"><video autoplay controls src=\"http:\/\/congressinterceei.com\/iaseie\/wp-content\/uploads\/2020\/10\/VIDEO-2020-10-23-18-33-48.mp4\"><\/video><\/figure>\n","protected":false},"excerpt":{"rendered":"<p>PALESTRANTE DA IASEIE \u2013 AMERICAN BRANCH, DESDE 2012 \u2013\u00a0 M\u00e9dica, dermatologista, Crist\u00e3, palestrante e da equipe de organiza\u00e7\u00e3o do 2\u00ba Congresso Internacional da IASEIE, em Dezembro de 2012, ao lado do seu esposo M\u00e9dico Psiquiatra, Escritor brasileiro, Dr. Augusto Cury, autor da Teoria da Intelig\u00eancia Multifocal, tamb\u00e9m nosso palestrante, durante o 2\u00ba Congresso Internacional, na Est\u00e2ncia \u00c1rvore da Vida, em Sumar\u00e9, S\u00e3o Paulo\/Brasil.<\/p>\n","protected":false},"author":1,"featured_media":844,"comment_status":"open","ping_status":"open","sticky":false,"template":"","format":"standard","meta":{"footnotes":""},"categories":[2],"tags":[76,75,77,43],"yoast_head":"<!-- This site is optimized with the Yoast SEO plugin v22.6 - https:\/\/yoast.com\/wordpress\/plugins\/seo\/ -->\n<title>INTRODUCING: Dra. Suleima Farhate Cury, m\u00e9dica, dermatologista \u2013 SPEAKER AT IASEIE - IASEIE<\/title>\n<meta name=\"robots\" content=\"index, follow, max-snippet:-1, max-image-preview:large, max-video-preview:-1\" \/>\n<link rel=\"canonical\" href=\"https:\/\/congressinterceei.com\/iaseie\/index.php\/2020\/10\/23\/introducing-dra-suleima-farhate-cury-medica-dermatologista-speaker-at-iaseie\/\" \/>\n<meta property=\"og:locale\" content=\"en_US\" \/>\n<meta property=\"og:type\" content=\"article\" \/>\n<meta property=\"og:title\" content=\"INTRODUCING: Dra. Suleima Farhate Cury, m\u00e9dica, dermatologista \u2013 SPEAKER AT IASEIE - IASEIE\" \/>\n<meta property=\"og:description\" content=\"PALESTRANTE DA IASEIE \u2013 AMERICAN BRANCH, DESDE 2012 \u2013\u00a0 M\u00e9dica, dermatologista, Crist\u00e3, palestrante e da equipe de organiza\u00e7\u00e3o do 2\u00ba Congresso Internacional da IASEIE, em Dezembro de 2012, ao lado do seu esposo M\u00e9dico Psiquiatra, Escritor brasileiro, Dr. Augusto Cury, autor da Teoria da Intelig\u00eancia Multifocal, tamb\u00e9m nosso palestrante, durante o 2\u00ba Congresso Internacional, na Est\u00e2ncia \u00c1rvore da Vida, em Sumar\u00e9, S\u00e3o Paulo\/Brasil.\" \/>\n<meta property=\"og:url\" content=\"https:\/\/congressinterceei.com\/iaseie\/index.php\/2020\/10\/23\/introducing-dra-suleima-farhate-cury-medica-dermatologista-speaker-at-iaseie\/\" \/>\n<meta property=\"og:site_name\" content=\"IASEIE\" \/>\n<meta property=\"article:publisher\" content=\"https:\/\/www.facebook.com\/internationalaseieusa\/\" \/>\n<meta property=\"article:published_time\" content=\"2020-10-23T22:51:59+00:00\" \/>\n<meta property=\"article:modified_time\" content=\"2020-10-23T22:53:47+00:00\" \/>\n<meta property=\"og:image\" content=\"https:\/\/congressinterceei.com\/iaseie\/wp-content\/uploads\/2020\/10\/unnamed.jpg\" \/>\n\t<meta property=\"og:image:width\" content=\"512\" \/>\n\t<meta property=\"og:image:height\" content=\"358\" \/>\n\t<meta property=\"og:image:type\" content=\"image\/jpeg\" \/>\n<meta name=\"author\" content=\"Direto da Reda\u00e7\u00e3o\" \/>\n<meta name=\"twitter:card\" content=\"summary_large_image\" \/>\n<meta name=\"twitter:label1\" content=\"Written by\" \/>\n\t<meta name=\"twitter:data1\" content=\"Direto da Reda\u00e7\u00e3o\" \/>\n<script type=\"application\/ld+json\" class=\"yoast-schema-graph\">{\"@context\":\"https:\/\/schema.org\",\"@graph\":[{\"@type\":\"Article\",\"@id\":\"https:\/\/congressinterceei.com\/iaseie\/index.php\/2020\/10\/23\/introducing-dra-suleima-farhate-cury-medica-dermatologista-speaker-at-iaseie\/#article\",\"isPartOf\":{\"@id\":\"https:\/\/congressinterceei.com\/iaseie\/index.php\/2020\/10\/23\/introducing-dra-suleima-farhate-cury-medica-dermatologista-speaker-at-iaseie\/\"},\"author\":{\"name\":\"Direto da Reda\u00e7\u00e3o\",\"@id\":\"https:\/\/congressinterceei.com\/iaseie\/#\/schema\/person\/fe6662263455379bbf6ab12ad6411c90\"},\"headline\":\"INTRODUCING: Dra. Suleima Farhate Cury, m\u00e9dica, dermatologista \u2013 SPEAKER AT IASEIE\",\"datePublished\":\"2020-10-23T22:51:59+00:00\",\"dateModified\":\"2020-10-23T22:53:47+00:00\",\"mainEntityOfPage\":{\"@id\":\"https:\/\/congressinterceei.com\/iaseie\/index.php\/2020\/10\/23\/introducing-dra-suleima-farhate-cury-medica-dermatologista-speaker-at-iaseie\/\"},\"wordCount\":76,\"commentCount\":0,\"publisher\":{\"@id\":\"https:\/\/congressinterceei.com\/iaseie\/#organization\"},\"image\":{\"@id\":\"https:\/\/congressinterceei.com\/iaseie\/index.php\/2020\/10\/23\/introducing-dra-suleima-farhate-cury-medica-dermatologista-speaker-at-iaseie\/#primaryimage\"},\"thumbnailUrl\":\"https:\/\/congressinterceei.com\/iaseie\/wp-content\/uploads\/2020\/10\/unnamed.jpg\",\"keywords\":[\"dermatologista\",\"m\u00e9dica\",\"S\u00e3o Paulo\",\"Speaker\"],\"articleSection\":[\"News\"],\"inLanguage\":\"en-US\",\"potentialAction\":[{\"@type\":\"CommentAction\",\"name\":\"Comment\",\"target\":[\"https:\/\/congressinterceei.com\/iaseie\/index.php\/2020\/10\/23\/introducing-dra-suleima-farhate-cury-medica-dermatologista-speaker-at-iaseie\/#respond\"]}]},{\"@type\":\"WebPage\",\"@id\":\"https:\/\/congressinterceei.com\/iaseie\/index.php\/2020\/10\/23\/introducing-dra-suleima-farhate-cury-medica-dermatologista-speaker-at-iaseie\/\",\"url\":\"https:\/\/congressinterceei.com\/iaseie\/index.php\/2020\/10\/23\/introducing-dra-suleima-farhate-cury-medica-dermatologista-speaker-at-iaseie\/\",\"name\":\"INTRODUCING: Dra. Suleima Farhate Cury, m\u00e9dica, dermatologista \u2013 SPEAKER AT IASEIE - IASEIE\",\"isPartOf\":{\"@id\":\"https:\/\/congressinterceei.com\/iaseie\/#website\"},\"primaryImageOfPage\":{\"@id\":\"https:\/\/congressinterceei.com\/iaseie\/index.php\/2020\/10\/23\/introducing-dra-suleima-farhate-cury-medica-dermatologista-speaker-at-iaseie\/#primaryimage\"},\"image\":{\"@id\":\"https:\/\/congressinterceei.com\/iaseie\/index.php\/2020\/10\/23\/introducing-dra-suleima-farhate-cury-medica-dermatologista-speaker-at-iaseie\/#primaryimage\"},\"thumbnailUrl\":\"https:\/\/congressinterceei.com\/iaseie\/wp-content\/uploads\/2020\/10\/unnamed.jpg\",\"datePublished\":\"2020-10-23T22:51:59+00:00\",\"dateModified\":\"2020-10-23T22:53:47+00:00\",\"breadcrumb\":{\"@id\":\"https:\/\/congressinterceei.com\/iaseie\/index.php\/2020\/10\/23\/introducing-dra-suleima-farhate-cury-medica-dermatologista-speaker-at-iaseie\/#breadcrumb\"},\"inLanguage\":\"en-US\",\"potentialAction\":[{\"@type\":\"ReadAction\",\"target\":[\"https:\/\/congressinterceei.com\/iaseie\/index.php\/2020\/10\/23\/introducing-dra-suleima-farhate-cury-medica-dermatologista-speaker-at-iaseie\/\"]}]},{\"@type\":\"ImageObject\",\"inLanguage\":\"en-US\",\"@id\":\"https:\/\/congressinterceei.com\/iaseie\/index.php\/2020\/10\/23\/introducing-dra-suleima-farhate-cury-medica-dermatologista-speaker-at-iaseie\/#primaryimage\",\"url\":\"https:\/\/congressinterceei.com\/iaseie\/wp-content\/uploads\/2020\/10\/unnamed.jpg\",\"contentUrl\":\"https:\/\/congressinterceei.com\/iaseie\/wp-content\/uploads\/2020\/10\/unnamed.jpg\",\"width\":512,\"height\":358},{\"@type\":\"BreadcrumbList\",\"@id\":\"https:\/\/congressinterceei.com\/iaseie\/index.php\/2020\/10\/23\/introducing-dra-suleima-farhate-cury-medica-dermatologista-speaker-at-iaseie\/#breadcrumb\",\"itemListElement\":[{\"@type\":\"ListItem\",\"position\":1,\"name\":\"Home\",\"item\":\"https:\/\/congressinterceei.com\/iaseie\/\"},{\"@type\":\"ListItem\",\"position\":2,\"name\":\"INTRODUCING: Dra. Suleima Farhate Cury, m\u00e9dica, dermatologista \u2013 SPEAKER AT IASEIE\"}]},{\"@type\":\"WebSite\",\"@id\":\"https:\/\/congressinterceei.com\/iaseie\/#website\",\"url\":\"https:\/\/congressinterceei.com\/iaseie\/\",\"name\":\"IASEIE\",\"description\":\"THE INTERNACIONAL ASSOCIATION OF SCIENCE, ETHICS AND INTEGRATED EDUCATION\",\"publisher\":{\"@id\":\"https:\/\/congressinterceei.com\/iaseie\/#organization\"},\"potentialAction\":[{\"@type\":\"SearchAction\",\"target\":{\"@type\":\"EntryPoint\",\"urlTemplate\":\"https:\/\/congressinterceei.com\/iaseie\/?s={search_term_string}\"},\"query-input\":\"required name=search_term_string\"}],\"inLanguage\":\"en-US\"},{\"@type\":\"Organization\",\"@id\":\"https:\/\/congressinterceei.com\/iaseie\/#organization\",\"name\":\"IASEIE - THE INTERNACIONAL ASSOCIATION OF SCIENCE, ETHICS AND INTEGRATED EDUCATION\",\"url\":\"https:\/\/congressinterceei.com\/iaseie\/\",\"logo\":{\"@type\":\"ImageObject\",\"inLanguage\":\"en-US\",\"@id\":\"https:\/\/congressinterceei.com\/iaseie\/#\/schema\/logo\/image\/\",\"url\":\"https:\/\/congressinterceei.com\/iaseie\/wp-content\/uploads\/2019\/09\/logo_iaseie.png\",\"contentUrl\":\"https:\/\/congressinterceei.com\/iaseie\/wp-content\/uploads\/2019\/09\/logo_iaseie.png\",\"width\":820,\"height\":450,\"caption\":\"IASEIE - THE INTERNACIONAL ASSOCIATION OF SCIENCE, ETHICS AND INTEGRATED EDUCATION\"},\"image\":{\"@id\":\"https:\/\/congressinterceei.com\/iaseie\/#\/schema\/logo\/image\/\"},\"sameAs\":[\"https:\/\/www.facebook.com\/internationalaseieusa\/\",\"https:\/\/www.youtube.com\/channel\/UCJ7efGfZQHrdxLj4Jscu6Vg\",\"https:\/\/www.instagram.com\/iaseieinternacional\"]},{\"@type\":\"Person\",\"@id\":\"https:\/\/congressinterceei.com\/iaseie\/#\/schema\/person\/fe6662263455379bbf6ab12ad6411c90\",\"name\":\"Direto da Reda\u00e7\u00e3o\",\"image\":{\"@type\":\"ImageObject\",\"inLanguage\":\"en-US\",\"@id\":\"https:\/\/congressinterceei.com\/iaseie\/#\/schema\/person\/image\/\",\"url\":\"https:\/\/secure.gravatar.com\/avatar\/2496052b679cd00bc0c7ef16490273ae?s=96&d=mm&r=g\",\"contentUrl\":\"https:\/\/secure.gravatar.com\/avatar\/2496052b679cd00bc0c7ef16490273ae?s=96&d=mm&r=g\",\"caption\":\"Direto da Reda\u00e7\u00e3o\"},\"url\":\"https:\/\/congressinterceei.com\/iaseie\/index.php\/author\/congressinterceei\/\"}]}<\/script>\n<!-- \/ Yoast SEO plugin. -->","yoast_head_json":{"title":"INTRODUCING: Dra. Suleima Farhate Cury, m\u00e9dica, dermatologista \u2013 SPEAKER AT IASEIE - IASEIE","robots":{"index":"index","follow":"follow","max-snippet":"max-snippet:-1","max-image-preview":"max-image-preview:large","max-video-preview":"max-video-preview:-1"},"canonical":"https:\/\/congressinterceei.com\/iaseie\/index.php\/2020\/10\/23\/introducing-dra-suleima-farhate-cury-medica-dermatologista-speaker-at-iaseie\/","og_locale":"en_US","og_type":"article","og_title":"INTRODUCING: Dra. Suleima Farhate Cury, m\u00e9dica, dermatologista \u2013 SPEAKER AT IASEIE - IASEIE","og_description":"PALESTRANTE DA IASEIE \u2013 AMERICAN BRANCH, DESDE 2012 \u2013\u00a0 M\u00e9dica, dermatologista, Crist\u00e3, palestrante e da equipe de organiza\u00e7\u00e3o do 2\u00ba Congresso Internacional da IASEIE, em Dezembro de 2012, ao lado do seu esposo M\u00e9dico Psiquiatra, Escritor brasileiro, Dr. Augusto Cury, autor da Teoria da Intelig\u00eancia Multifocal, tamb\u00e9m nosso palestrante, durante o 2\u00ba Congresso Internacional, na Est\u00e2ncia \u00c1rvore da Vida, em Sumar\u00e9, S\u00e3o Paulo\/Brasil.","og_url":"https:\/\/congressinterceei.com\/iaseie\/index.php\/2020\/10\/23\/introducing-dra-suleima-farhate-cury-medica-dermatologista-speaker-at-iaseie\/","og_site_name":"IASEIE","article_publisher":"https:\/\/www.facebook.com\/internationalaseieusa\/","article_published_time":"2020-10-23T22:51:59+00:00","article_modified_time":"2020-10-23T22:53:47+00:00","og_image":[{"width":512,"height":358,"url":"https:\/\/congressinterceei.com\/iaseie\/wp-content\/uploads\/2020\/10\/unnamed.jpg","type":"image\/jpeg"}],"author":"Direto da Reda\u00e7\u00e3o","twitter_card":"summary_large_image","twitter_misc":{"Written by":"Direto da Reda\u00e7\u00e3o"},"schema":{"@context":"https:\/\/schema.org","@graph":[{"@type":"Article","@id":"https:\/\/congressinterceei.com\/iaseie\/index.php\/2020\/10\/23\/introducing-dra-suleima-farhate-cury-medica-dermatologista-speaker-at-iaseie\/#article","isPartOf":{"@id":"https:\/\/congressinterceei.com\/iaseie\/index.php\/2020\/10\/23\/introducing-dra-suleima-farhate-cury-medica-dermatologista-speaker-at-iaseie\/"},"author":{"name":"Direto da Reda\u00e7\u00e3o","@id":"https:\/\/congressinterceei.com\/iaseie\/#\/schema\/person\/fe6662263455379bbf6ab12ad6411c90"},"headline":"INTRODUCING: Dra. Suleima Farhate Cury, m\u00e9dica, dermatologista \u2013 SPEAKER AT IASEIE","datePublished":"2020-10-23T22:51:59+00:00","dateModified":"2020-10-23T22:53:47+00:00","mainEntityOfPage":{"@id":"https:\/\/congressinterceei.com\/iaseie\/index.php\/2020\/10\/23\/introducing-dra-suleima-farhate-cury-medica-dermatologista-speaker-at-iaseie\/"},"wordCount":76,"commentCount":0,"publisher":{"@id":"https:\/\/congressinterceei.com\/iaseie\/#organization"},"image":{"@id":"https:\/\/congressinterceei.com\/iaseie\/index.php\/2020\/10\/23\/introducing-dra-suleima-farhate-cury-medica-dermatologista-speaker-at-iaseie\/#primaryimage"},"thumbnailUrl":"https:\/\/congressinterceei.com\/iaseie\/wp-content\/uploads\/2020\/10\/unnamed.jpg","keywords":["dermatologista","m\u00e9dica","S\u00e3o Paulo","Speaker"],"articleSection":["News"],"inLanguage":"en-US","potentialAction":[{"@type":"CommentAction","name":"Comment","target":["https:\/\/congressinterceei.com\/iaseie\/index.php\/2020\/10\/23\/introducing-dra-suleima-farhate-cury-medica-dermatologista-speaker-at-iaseie\/#respond"]}]},{"@type":"WebPage","@id":"https:\/\/congressinterceei.com\/iaseie\/index.php\/2020\/10\/23\/introducing-dra-suleima-farhate-cury-medica-dermatologista-speaker-at-iaseie\/","url":"https:\/\/congressinterceei.com\/iaseie\/index.php\/2020\/10\/23\/introducing-dra-suleima-farhate-cury-medica-dermatologista-speaker-at-iaseie\/","name":"INTRODUCING: Dra. Suleima Farhate Cury, m\u00e9dica, dermatologista \u2013 SPEAKER AT IASEIE - IASEIE","isPartOf":{"@id":"https:\/\/congressinterceei.com\/iaseie\/#website"},"primaryImageOfPage":{"@id":"https:\/\/congressinterceei.com\/iaseie\/index.php\/2020\/10\/23\/introducing-dra-suleima-farhate-cury-medica-dermatologista-speaker-at-iaseie\/#primaryimage"},"image":{"@id":"https:\/\/congressinterceei.com\/iaseie\/index.php\/2020\/10\/23\/introducing-dra-suleima-farhate-cury-medica-dermatologista-speaker-at-iaseie\/#primaryimage"},"thumbnailUrl":"https:\/\/congressinterceei.com\/iaseie\/wp-content\/uploads\/2020\/10\/unnamed.jpg","datePublished":"2020-10-23T22:51:59+00:00","dateModified":"2020-10-23T22:53:47+00:00","breadcrumb":{"@id":"https:\/\/congressinterceei.com\/iaseie\/index.php\/2020\/10\/23\/introducing-dra-suleima-farhate-cury-medica-dermatologista-speaker-at-iaseie\/#breadcrumb"},"inLanguage":"en-US","potentialAction":[{"@type":"ReadAction","target":["https:\/\/congressinterceei.com\/iaseie\/index.php\/2020\/10\/23\/introducing-dra-suleima-farhate-cury-medica-dermatologista-speaker-at-iaseie\/"]}]},{"@type":"ImageObject","inLanguage":"en-US","@id":"https:\/\/congressinterceei.com\/iaseie\/index.php\/2020\/10\/23\/introducing-dra-suleima-farhate-cury-medica-dermatologista-speaker-at-iaseie\/#primaryimage","url":"https:\/\/congressinterceei.com\/iaseie\/wp-content\/uploads\/2020\/10\/unnamed.jpg","contentUrl":"https:\/\/congressinterceei.com\/iaseie\/wp-content\/uploads\/2020\/10\/unnamed.jpg","width":512,"height":358},{"@type":"BreadcrumbList","@id":"https:\/\/congressinterceei.com\/iaseie\/index.php\/2020\/10\/23\/introducing-dra-suleima-farhate-cury-medica-dermatologista-speaker-at-iaseie\/#breadcrumb","itemListElement":[{"@type":"ListItem","position":1,"name":"Home","item":"https:\/\/congressinterceei.com\/iaseie\/"},{"@type":"ListItem","position":2,"name":"INTRODUCING: Dra. Suleima Farhate Cury, m\u00e9dica, dermatologista \u2013 SPEAKER AT IASEIE"}]},{"@type":"WebSite","@id":"https:\/\/congressinterceei.com\/iaseie\/#website","url":"https:\/\/congressinterceei.com\/iaseie\/","name":"IASEIE","description":"THE INTERNACIONAL ASSOCIATION OF SCIENCE, ETHICS AND INTEGRATED EDUCATION","publisher":{"@id":"https:\/\/congressinterceei.com\/iaseie\/#organization"},"potentialAction":[{"@type":"SearchAction","target":{"@type":"EntryPoint","urlTemplate":"https:\/\/congressinterceei.com\/iaseie\/?s={search_term_string}"},"query-input":"required name=search_term_string"}],"inLanguage":"en-US"},{"@type":"Organization","@id":"https:\/\/congressinterceei.com\/iaseie\/#organization","name":"IASEIE - THE INTERNACIONAL ASSOCIATION OF SCIENCE, ETHICS AND INTEGRATED EDUCATION","url":"https:\/\/congressinterceei.com\/iaseie\/","logo":{"@type":"ImageObject","inLanguage":"en-US","@id":"https:\/\/congressinterceei.com\/iaseie\/#\/schema\/logo\/image\/","url":"https:\/\/congressinterceei.com\/iaseie\/wp-content\/uploads\/2019\/09\/logo_iaseie.png","contentUrl":"https:\/\/congressinterceei.com\/iaseie\/wp-content\/uploads\/2019\/09\/logo_iaseie.png","width":820,"height":450,"caption":"IASEIE - THE INTERNACIONAL ASSOCIATION OF SCIENCE, ETHICS AND INTEGRATED EDUCATION"},"image":{"@id":"https:\/\/congressinterceei.com\/iaseie\/#\/schema\/logo\/image\/"},"sameAs":["https:\/\/www.facebook.com\/internationalaseieusa\/","https:\/\/www.youtube.com\/channel\/UCJ7efGfZQHrdxLj4Jscu6Vg","https:\/\/www.instagram.com\/iaseieinternacional"]},{"@type":"Person","@id":"https:\/\/congressinterceei.com\/iaseie\/#\/schema\/person\/fe6662263455379bbf6ab12ad6411c90","name":"Direto da Reda\u00e7\u00e3o","image":{"@type":"ImageObject","inLanguage":"en-US","@id":"https:\/\/congressinterceei.com\/iaseie\/#\/schema\/person\/image\/","url":"https:\/\/secure.gravatar.com\/avatar\/2496052b679cd00bc0c7ef16490273ae?s=96&d=mm&r=g","contentUrl":"https:\/\/secure.gravatar.com\/avatar\/2496052b679cd00bc0c7ef16490273ae?s=96&d=mm&r=g","caption":"Direto da Reda\u00e7\u00e3o"},"url":"https:\/\/congressinterceei.com\/iaseie\/index.php\/author\/congressinterceei\/"}]}},"_links":{"self":[{"href":"https:\/\/congressinterceei.com\/iaseie\/index.php\/wp-json\/wp\/v2\/posts\/842"}],"collection":[{"href":"https:\/\/congressinterceei.com\/iaseie\/index.php\/wp-json\/wp\/v2\/posts"}],"about":[{"href":"https:\/\/congressinterceei.com\/iaseie\/index.php\/wp-json\/wp\/v2\/types\/post"}],"author":[{"embeddable":true,"href":"https:\/\/congressinterceei.com\/iaseie\/index.php\/wp-json\/wp\/v2\/users\/1"}],"replies":[{"embeddable":true,"href":"https:\/\/congressinterceei.com\/iaseie\/index.php\/wp-json\/wp\/v2\/comments?post=842"}],"version-history":[{"count":2,"href":"https:\/\/congressinterceei.com\/iaseie\/index.php\/wp-json\/wp\/v2\/posts\/842\/revisions"}],"predecessor-version":[{"id":846,"href":"https:\/\/congressinterceei.com\/iaseie\/index.php\/wp-json\/wp\/v2\/posts\/842\/revisions\/846"}],"wp:featuredmedia":[{"embeddable":true,"href":"https:\/\/congressinterceei.com\/iaseie\/index.php\/wp-json\/wp\/v2\/media\/844"}],"wp:attachment":[{"href":"https:\/\/congressinterceei.com\/iaseie\/index.php\/wp-json\/wp\/v2\/media?parent=842"}],"wp:term":[{"taxonomy":"category","embeddable":true,"href":"https:\/\/congressinterceei.com\/iaseie\/index.php\/wp-json\/wp\/v2\/categories?post=842"},{"taxonomy":"post_tag","embeddable":true,"href":"https:\/\/congressinterceei.com\/iaseie\/index.php\/wp-json\/wp\/v2\/tags?post=842"}],"curies":[{"name":"wp","href":"https:\/\/api.w.org\/{rel}","templated":true}]}}