{"id":887,"date":"2020-10-27T13:05:02","date_gmt":"2020-10-27T16:05:02","guid":{"rendered":"http:\/\/congressinterceei.com\/iaseie\/?p=887"},"modified":"2020-10-27T13:06:04","modified_gmt":"2020-10-27T16:06:04","slug":"introducing-adriana-zaia-decoradora-e-ceo-da-empresa-all-decor-usa","status":"publish","type":"post","link":"https:\/\/congressinterceei.com\/iaseie\/index.php\/2020\/10\/27\/introducing-adriana-zaia-decoradora-e-ceo-da-empresa-all-decor-usa\/","title":{"rendered":"INTRODUCING: ADRIANA ZAIA, Decoradora e CEO da empresa ALL DECOR USA"},"content":{"rendered":"\n<p>COLABORADORA E PATROCINADORA DA IASEIE AMERICAN BRANCH DESDE 2019 &nbsp;\u2013&nbsp; Fundadora do Grupo MEO (Mulheres Empres\u00e1rias de Orlando).<\/p>\n\n\n\n<figure class=\"wp-block-video aligncenter\"><video autoplay controls src=\"http:\/\/congressinterceei.com\/iaseie\/wp-content\/uploads\/2020\/10\/VIDEO-2020-10-27-11-48-31.mp4\"><\/video><\/figure>\n","protected":false},"excerpt":{"rendered":"<p>COLABORADORA E PATROCINADORA DA IASEIE AMERICAN BRANCH DESDE 2019 &nbsp;\u2013&nbsp; Fundadora do Grupo MEO (Mulheres Empres\u00e1rias de Orlando).<\/p>\n","protected":false},"author":1,"featured_media":889,"comment_status":"open","ping_status":"open","sticky":false,"template":"","format":"standard","meta":{"footnotes":""},"categories":[2],"tags":[85,84,86,71,72],"yoast_head":"<!-- This site is optimized with the Yoast SEO plugin v22.6 - https:\/\/yoast.com\/wordpress\/plugins\/seo\/ -->\n<title>INTRODUCING: ADRIANA ZAIA, Decoradora e CEO da empresa ALL DECOR USA - IASEIE<\/title>\n<meta name=\"robots\" content=\"index, follow, max-snippet:-1, max-image-preview:large, max-video-preview:-1\" \/>\n<link rel=\"canonical\" href=\"https:\/\/congressinterceei.com\/iaseie\/index.php\/2020\/10\/27\/introducing-adriana-zaia-decoradora-e-ceo-da-empresa-all-decor-usa\/\" \/>\n<meta property=\"og:locale\" content=\"en_US\" \/>\n<meta property=\"og:type\" content=\"article\" \/>\n<meta property=\"og:title\" content=\"INTRODUCING: ADRIANA ZAIA, Decoradora e CEO da empresa ALL DECOR USA - IASEIE\" \/>\n<meta property=\"og:description\" content=\"COLABORADORA E PATROCINADORA DA IASEIE AMERICAN BRANCH DESDE 2019 &nbsp;\u2013&nbsp; Fundadora do Grupo MEO (Mulheres Empres\u00e1rias de Orlando).\" \/>\n<meta property=\"og:url\" content=\"https:\/\/congressinterceei.com\/iaseie\/index.php\/2020\/10\/27\/introducing-adriana-zaia-decoradora-e-ceo-da-empresa-all-decor-usa\/\" \/>\n<meta property=\"og:site_name\" content=\"IASEIE\" \/>\n<meta property=\"article:publisher\" content=\"https:\/\/www.facebook.com\/internationalaseieusa\/\" \/>\n<meta property=\"article:published_time\" content=\"2020-10-27T16:05:02+00:00\" \/>\n<meta property=\"article:modified_time\" content=\"2020-10-27T16:06:04+00:00\" \/>\n<meta property=\"og:image\" content=\"https:\/\/congressinterceei.com\/iaseie\/wp-content\/uploads\/2020\/10\/infografico-1.jpg\" \/>\n\t<meta property=\"og:image:width\" content=\"1900\" \/>\n\t<meta property=\"og:image:height\" content=\"1060\" \/>\n\t<meta property=\"og:image:type\" content=\"image\/jpeg\" \/>\n<meta name=\"author\" content=\"Direto da Reda\u00e7\u00e3o\" \/>\n<meta name=\"twitter:card\" content=\"summary_large_image\" \/>\n<meta name=\"twitter:label1\" content=\"Written by\" \/>\n\t<meta name=\"twitter:data1\" content=\"Direto da Reda\u00e7\u00e3o\" \/>\n<script type=\"application\/ld+json\" class=\"yoast-schema-graph\">{\"@context\":\"https:\/\/schema.org\",\"@graph\":[{\"@type\":\"Article\",\"@id\":\"https:\/\/congressinterceei.com\/iaseie\/index.php\/2020\/10\/27\/introducing-adriana-zaia-decoradora-e-ceo-da-empresa-all-decor-usa\/#article\",\"isPartOf\":{\"@id\":\"https:\/\/congressinterceei.com\/iaseie\/index.php\/2020\/10\/27\/introducing-adriana-zaia-decoradora-e-ceo-da-empresa-all-decor-usa\/\"},\"author\":{\"name\":\"Direto da Reda\u00e7\u00e3o\",\"@id\":\"https:\/\/congressinterceei.com\/iaseie\/#\/schema\/person\/fe6662263455379bbf6ab12ad6411c90\"},\"headline\":\"INTRODUCING: ADRIANA ZAIA, Decoradora e CEO da empresa ALL DECOR USA\",\"datePublished\":\"2020-10-27T16:05:02+00:00\",\"dateModified\":\"2020-10-27T16:06:04+00:00\",\"mainEntityOfPage\":{\"@id\":\"https:\/\/congressinterceei.com\/iaseie\/index.php\/2020\/10\/27\/introducing-adriana-zaia-decoradora-e-ceo-da-empresa-all-decor-usa\/\"},\"wordCount\":30,\"commentCount\":0,\"publisher\":{\"@id\":\"https:\/\/congressinterceei.com\/iaseie\/#organization\"},\"image\":{\"@id\":\"https:\/\/congressinterceei.com\/iaseie\/index.php\/2020\/10\/27\/introducing-adriana-zaia-decoradora-e-ceo-da-empresa-all-decor-usa\/#primaryimage\"},\"thumbnailUrl\":\"https:\/\/congressinterceei.com\/iaseie\/wp-content\/uploads\/2020\/10\/infografico-1.jpg\",\"keywords\":[\"CEO\",\"Decoradora\",\"Grupo MEO\",\"Orlando\",\"USA\"],\"articleSection\":[\"News\"],\"inLanguage\":\"en-US\",\"potentialAction\":[{\"@type\":\"CommentAction\",\"name\":\"Comment\",\"target\":[\"https:\/\/congressinterceei.com\/iaseie\/index.php\/2020\/10\/27\/introducing-adriana-zaia-decoradora-e-ceo-da-empresa-all-decor-usa\/#respond\"]}]},{\"@type\":\"WebPage\",\"@id\":\"https:\/\/congressinterceei.com\/iaseie\/index.php\/2020\/10\/27\/introducing-adriana-zaia-decoradora-e-ceo-da-empresa-all-decor-usa\/\",\"url\":\"https:\/\/congressinterceei.com\/iaseie\/index.php\/2020\/10\/27\/introducing-adriana-zaia-decoradora-e-ceo-da-empresa-all-decor-usa\/\",\"name\":\"INTRODUCING: ADRIANA ZAIA, Decoradora e CEO da empresa ALL DECOR USA - IASEIE\",\"isPartOf\":{\"@id\":\"https:\/\/congressinterceei.com\/iaseie\/#website\"},\"primaryImageOfPage\":{\"@id\":\"https:\/\/congressinterceei.com\/iaseie\/index.php\/2020\/10\/27\/introducing-adriana-zaia-decoradora-e-ceo-da-empresa-all-decor-usa\/#primaryimage\"},\"image\":{\"@id\":\"https:\/\/congressinterceei.com\/iaseie\/index.php\/2020\/10\/27\/introducing-adriana-zaia-decoradora-e-ceo-da-empresa-all-decor-usa\/#primaryimage\"},\"thumbnailUrl\":\"https:\/\/congressinterceei.com\/iaseie\/wp-content\/uploads\/2020\/10\/infografico-1.jpg\",\"datePublished\":\"2020-10-27T16:05:02+00:00\",\"dateModified\":\"2020-10-27T16:06:04+00:00\",\"breadcrumb\":{\"@id\":\"https:\/\/congressinterceei.com\/iaseie\/index.php\/2020\/10\/27\/introducing-adriana-zaia-decoradora-e-ceo-da-empresa-all-decor-usa\/#breadcrumb\"},\"inLanguage\":\"en-US\",\"potentialAction\":[{\"@type\":\"ReadAction\",\"target\":[\"https:\/\/congressinterceei.com\/iaseie\/index.php\/2020\/10\/27\/introducing-adriana-zaia-decoradora-e-ceo-da-empresa-all-decor-usa\/\"]}]},{\"@type\":\"ImageObject\",\"inLanguage\":\"en-US\",\"@id\":\"https:\/\/congressinterceei.com\/iaseie\/index.php\/2020\/10\/27\/introducing-adriana-zaia-decoradora-e-ceo-da-empresa-all-decor-usa\/#primaryimage\",\"url\":\"https:\/\/congressinterceei.com\/iaseie\/wp-content\/uploads\/2020\/10\/infografico-1.jpg\",\"contentUrl\":\"https:\/\/congressinterceei.com\/iaseie\/wp-content\/uploads\/2020\/10\/infografico-1.jpg\",\"width\":1900,\"height\":1060},{\"@type\":\"BreadcrumbList\",\"@id\":\"https:\/\/congressinterceei.com\/iaseie\/index.php\/2020\/10\/27\/introducing-adriana-zaia-decoradora-e-ceo-da-empresa-all-decor-usa\/#breadcrumb\",\"itemListElement\":[{\"@type\":\"ListItem\",\"position\":1,\"name\":\"Home\",\"item\":\"https:\/\/congressinterceei.com\/iaseie\/\"},{\"@type\":\"ListItem\",\"position\":2,\"name\":\"INTRODUCING: ADRIANA ZAIA, Decoradora e CEO da empresa ALL DECOR USA\"}]},{\"@type\":\"WebSite\",\"@id\":\"https:\/\/congressinterceei.com\/iaseie\/#website\",\"url\":\"https:\/\/congressinterceei.com\/iaseie\/\",\"name\":\"IASEIE\",\"description\":\"THE INTERNACIONAL ASSOCIATION OF SCIENCE, ETHICS AND INTEGRATED EDUCATION\",\"publisher\":{\"@id\":\"https:\/\/congressinterceei.com\/iaseie\/#organization\"},\"potentialAction\":[{\"@type\":\"SearchAction\",\"target\":{\"@type\":\"EntryPoint\",\"urlTemplate\":\"https:\/\/congressinterceei.com\/iaseie\/?s={search_term_string}\"},\"query-input\":\"required name=search_term_string\"}],\"inLanguage\":\"en-US\"},{\"@type\":\"Organization\",\"@id\":\"https:\/\/congressinterceei.com\/iaseie\/#organization\",\"name\":\"IASEIE - THE INTERNACIONAL ASSOCIATION OF SCIENCE, ETHICS AND INTEGRATED EDUCATION\",\"url\":\"https:\/\/congressinterceei.com\/iaseie\/\",\"logo\":{\"@type\":\"ImageObject\",\"inLanguage\":\"en-US\",\"@id\":\"https:\/\/congressinterceei.com\/iaseie\/#\/schema\/logo\/image\/\",\"url\":\"https:\/\/congressinterceei.com\/iaseie\/wp-content\/uploads\/2019\/09\/logo_iaseie.png\",\"contentUrl\":\"https:\/\/congressinterceei.com\/iaseie\/wp-content\/uploads\/2019\/09\/logo_iaseie.png\",\"width\":820,\"height\":450,\"caption\":\"IASEIE - THE INTERNACIONAL ASSOCIATION OF SCIENCE, ETHICS AND INTEGRATED EDUCATION\"},\"image\":{\"@id\":\"https:\/\/congressinterceei.com\/iaseie\/#\/schema\/logo\/image\/\"},\"sameAs\":[\"https:\/\/www.facebook.com\/internationalaseieusa\/\",\"https:\/\/www.youtube.com\/channel\/UCJ7efGfZQHrdxLj4Jscu6Vg\",\"https:\/\/www.instagram.com\/iaseieinternacional\"]},{\"@type\":\"Person\",\"@id\":\"https:\/\/congressinterceei.com\/iaseie\/#\/schema\/person\/fe6662263455379bbf6ab12ad6411c90\",\"name\":\"Direto da Reda\u00e7\u00e3o\",\"image\":{\"@type\":\"ImageObject\",\"inLanguage\":\"en-US\",\"@id\":\"https:\/\/congressinterceei.com\/iaseie\/#\/schema\/person\/image\/\",\"url\":\"https:\/\/secure.gravatar.com\/avatar\/2496052b679cd00bc0c7ef16490273ae?s=96&d=mm&r=g\",\"contentUrl\":\"https:\/\/secure.gravatar.com\/avatar\/2496052b679cd00bc0c7ef16490273ae?s=96&d=mm&r=g\",\"caption\":\"Direto da Reda\u00e7\u00e3o\"},\"url\":\"https:\/\/congressinterceei.com\/iaseie\/index.php\/author\/congressinterceei\/\"}]}<\/script>\n<!-- \/ Yoast SEO plugin. -->","yoast_head_json":{"title":"INTRODUCING: ADRIANA ZAIA, Decoradora e CEO da empresa ALL DECOR USA - IASEIE","robots":{"index":"index","follow":"follow","max-snippet":"max-snippet:-1","max-image-preview":"max-image-preview:large","max-video-preview":"max-video-preview:-1"},"canonical":"https:\/\/congressinterceei.com\/iaseie\/index.php\/2020\/10\/27\/introducing-adriana-zaia-decoradora-e-ceo-da-empresa-all-decor-usa\/","og_locale":"en_US","og_type":"article","og_title":"INTRODUCING: ADRIANA ZAIA, Decoradora e CEO da empresa ALL DECOR USA - IASEIE","og_description":"COLABORADORA E PATROCINADORA DA IASEIE AMERICAN BRANCH DESDE 2019 &nbsp;\u2013&nbsp; Fundadora do Grupo MEO (Mulheres Empres\u00e1rias de Orlando).","og_url":"https:\/\/congressinterceei.com\/iaseie\/index.php\/2020\/10\/27\/introducing-adriana-zaia-decoradora-e-ceo-da-empresa-all-decor-usa\/","og_site_name":"IASEIE","article_publisher":"https:\/\/www.facebook.com\/internationalaseieusa\/","article_published_time":"2020-10-27T16:05:02+00:00","article_modified_time":"2020-10-27T16:06:04+00:00","og_image":[{"width":1900,"height":1060,"url":"https:\/\/congressinterceei.com\/iaseie\/wp-content\/uploads\/2020\/10\/infografico-1.jpg","type":"image\/jpeg"}],"author":"Direto da Reda\u00e7\u00e3o","twitter_card":"summary_large_image","twitter_misc":{"Written by":"Direto da Reda\u00e7\u00e3o"},"schema":{"@context":"https:\/\/schema.org","@graph":[{"@type":"Article","@id":"https:\/\/congressinterceei.com\/iaseie\/index.php\/2020\/10\/27\/introducing-adriana-zaia-decoradora-e-ceo-da-empresa-all-decor-usa\/#article","isPartOf":{"@id":"https:\/\/congressinterceei.com\/iaseie\/index.php\/2020\/10\/27\/introducing-adriana-zaia-decoradora-e-ceo-da-empresa-all-decor-usa\/"},"author":{"name":"Direto da Reda\u00e7\u00e3o","@id":"https:\/\/congressinterceei.com\/iaseie\/#\/schema\/person\/fe6662263455379bbf6ab12ad6411c90"},"headline":"INTRODUCING: ADRIANA ZAIA, Decoradora e CEO da empresa ALL DECOR USA","datePublished":"2020-10-27T16:05:02+00:00","dateModified":"2020-10-27T16:06:04+00:00","mainEntityOfPage":{"@id":"https:\/\/congressinterceei.com\/iaseie\/index.php\/2020\/10\/27\/introducing-adriana-zaia-decoradora-e-ceo-da-empresa-all-decor-usa\/"},"wordCount":30,"commentCount":0,"publisher":{"@id":"https:\/\/congressinterceei.com\/iaseie\/#organization"},"image":{"@id":"https:\/\/congressinterceei.com\/iaseie\/index.php\/2020\/10\/27\/introducing-adriana-zaia-decoradora-e-ceo-da-empresa-all-decor-usa\/#primaryimage"},"thumbnailUrl":"https:\/\/congressinterceei.com\/iaseie\/wp-content\/uploads\/2020\/10\/infografico-1.jpg","keywords":["CEO","Decoradora","Grupo MEO","Orlando","USA"],"articleSection":["News"],"inLanguage":"en-US","potentialAction":[{"@type":"CommentAction","name":"Comment","target":["https:\/\/congressinterceei.com\/iaseie\/index.php\/2020\/10\/27\/introducing-adriana-zaia-decoradora-e-ceo-da-empresa-all-decor-usa\/#respond"]}]},{"@type":"WebPage","@id":"https:\/\/congressinterceei.com\/iaseie\/index.php\/2020\/10\/27\/introducing-adriana-zaia-decoradora-e-ceo-da-empresa-all-decor-usa\/","url":"https:\/\/congressinterceei.com\/iaseie\/index.php\/2020\/10\/27\/introducing-adriana-zaia-decoradora-e-ceo-da-empresa-all-decor-usa\/","name":"INTRODUCING: ADRIANA ZAIA, Decoradora e CEO da empresa ALL DECOR USA - IASEIE","isPartOf":{"@id":"https:\/\/congressinterceei.com\/iaseie\/#website"},"primaryImageOfPage":{"@id":"https:\/\/congressinterceei.com\/iaseie\/index.php\/2020\/10\/27\/introducing-adriana-zaia-decoradora-e-ceo-da-empresa-all-decor-usa\/#primaryimage"},"image":{"@id":"https:\/\/congressinterceei.com\/iaseie\/index.php\/2020\/10\/27\/introducing-adriana-zaia-decoradora-e-ceo-da-empresa-all-decor-usa\/#primaryimage"},"thumbnailUrl":"https:\/\/congressinterceei.com\/iaseie\/wp-content\/uploads\/2020\/10\/infografico-1.jpg","datePublished":"2020-10-27T16:05:02+00:00","dateModified":"2020-10-27T16:06:04+00:00","breadcrumb":{"@id":"https:\/\/congressinterceei.com\/iaseie\/index.php\/2020\/10\/27\/introducing-adriana-zaia-decoradora-e-ceo-da-empresa-all-decor-usa\/#breadcrumb"},"inLanguage":"en-US","potentialAction":[{"@type":"ReadAction","target":["https:\/\/congressinterceei.com\/iaseie\/index.php\/2020\/10\/27\/introducing-adriana-zaia-decoradora-e-ceo-da-empresa-all-decor-usa\/"]}]},{"@type":"ImageObject","inLanguage":"en-US","@id":"https:\/\/congressinterceei.com\/iaseie\/index.php\/2020\/10\/27\/introducing-adriana-zaia-decoradora-e-ceo-da-empresa-all-decor-usa\/#primaryimage","url":"https:\/\/congressinterceei.com\/iaseie\/wp-content\/uploads\/2020\/10\/infografico-1.jpg","contentUrl":"https:\/\/congressinterceei.com\/iaseie\/wp-content\/uploads\/2020\/10\/infografico-1.jpg","width":1900,"height":1060},{"@type":"BreadcrumbList","@id":"https:\/\/congressinterceei.com\/iaseie\/index.php\/2020\/10\/27\/introducing-adriana-zaia-decoradora-e-ceo-da-empresa-all-decor-usa\/#breadcrumb","itemListElement":[{"@type":"ListItem","position":1,"name":"Home","item":"https:\/\/congressinterceei.com\/iaseie\/"},{"@type":"ListItem","position":2,"name":"INTRODUCING: ADRIANA ZAIA, Decoradora e CEO da empresa ALL DECOR USA"}]},{"@type":"WebSite","@id":"https:\/\/congressinterceei.com\/iaseie\/#website","url":"https:\/\/congressinterceei.com\/iaseie\/","name":"IASEIE","description":"THE INTERNACIONAL ASSOCIATION OF SCIENCE, ETHICS AND INTEGRATED EDUCATION","publisher":{"@id":"https:\/\/congressinterceei.com\/iaseie\/#organization"},"potentialAction":[{"@type":"SearchAction","target":{"@type":"EntryPoint","urlTemplate":"https:\/\/congressinterceei.com\/iaseie\/?s={search_term_string}"},"query-input":"required name=search_term_string"}],"inLanguage":"en-US"},{"@type":"Organization","@id":"https:\/\/congressinterceei.com\/iaseie\/#organization","name":"IASEIE - THE INTERNACIONAL ASSOCIATION OF SCIENCE, ETHICS AND INTEGRATED EDUCATION","url":"https:\/\/congressinterceei.com\/iaseie\/","logo":{"@type":"ImageObject","inLanguage":"en-US","@id":"https:\/\/congressinterceei.com\/iaseie\/#\/schema\/logo\/image\/","url":"https:\/\/congressinterceei.com\/iaseie\/wp-content\/uploads\/2019\/09\/logo_iaseie.png","contentUrl":"https:\/\/congressinterceei.com\/iaseie\/wp-content\/uploads\/2019\/09\/logo_iaseie.png","width":820,"height":450,"caption":"IASEIE - THE INTERNACIONAL ASSOCIATION OF SCIENCE, ETHICS AND INTEGRATED EDUCATION"},"image":{"@id":"https:\/\/congressinterceei.com\/iaseie\/#\/schema\/logo\/image\/"},"sameAs":["https:\/\/www.facebook.com\/internationalaseieusa\/","https:\/\/www.youtube.com\/channel\/UCJ7efGfZQHrdxLj4Jscu6Vg","https:\/\/www.instagram.com\/iaseieinternacional"]},{"@type":"Person","@id":"https:\/\/congressinterceei.com\/iaseie\/#\/schema\/person\/fe6662263455379bbf6ab12ad6411c90","name":"Direto da Reda\u00e7\u00e3o","image":{"@type":"ImageObject","inLanguage":"en-US","@id":"https:\/\/congressinterceei.com\/iaseie\/#\/schema\/person\/image\/","url":"https:\/\/secure.gravatar.com\/avatar\/2496052b679cd00bc0c7ef16490273ae?s=96&d=mm&r=g","contentUrl":"https:\/\/secure.gravatar.com\/avatar\/2496052b679cd00bc0c7ef16490273ae?s=96&d=mm&r=g","caption":"Direto da Reda\u00e7\u00e3o"},"url":"https:\/\/congressinterceei.com\/iaseie\/index.php\/author\/congressinterceei\/"}]}},"_links":{"self":[{"href":"https:\/\/congressinterceei.com\/iaseie\/index.php\/wp-json\/wp\/v2\/posts\/887"}],"collection":[{"href":"https:\/\/congressinterceei.com\/iaseie\/index.php\/wp-json\/wp\/v2\/posts"}],"about":[{"href":"https:\/\/congressinterceei.com\/iaseie\/index.php\/wp-json\/wp\/v2\/types\/post"}],"author":[{"embeddable":true,"href":"https:\/\/congressinterceei.com\/iaseie\/index.php\/wp-json\/wp\/v2\/users\/1"}],"replies":[{"embeddable":true,"href":"https:\/\/congressinterceei.com\/iaseie\/index.php\/wp-json\/wp\/v2\/comments?post=887"}],"version-history":[{"count":2,"href":"https:\/\/congressinterceei.com\/iaseie\/index.php\/wp-json\/wp\/v2\/posts\/887\/revisions"}],"predecessor-version":[{"id":891,"href":"https:\/\/congressinterceei.com\/iaseie\/index.php\/wp-json\/wp\/v2\/posts\/887\/revisions\/891"}],"wp:featuredmedia":[{"embeddable":true,"href":"https:\/\/congressinterceei.com\/iaseie\/index.php\/wp-json\/wp\/v2\/media\/889"}],"wp:attachment":[{"href":"https:\/\/congressinterceei.com\/iaseie\/index.php\/wp-json\/wp\/v2\/media?parent=887"}],"wp:term":[{"taxonomy":"category","embeddable":true,"href":"https:\/\/congressinterceei.com\/iaseie\/index.php\/wp-json\/wp\/v2\/categories?post=887"},{"taxonomy":"post_tag","embeddable":true,"href":"https:\/\/congressinterceei.com\/iaseie\/index.php\/wp-json\/wp\/v2\/tags?post=887"}],"curies":[{"name":"wp","href":"https:\/\/api.w.org\/{rel}","templated":true}]}}