{"id":922,"date":"2021-02-11T17:43:14","date_gmt":"2021-02-11T20:43:14","guid":{"rendered":"http:\/\/congressinterceei.com\/iaseie\/?p=922"},"modified":"2021-02-25T13:25:23","modified_gmt":"2021-02-25T16:25:23","slug":"acoes-integradas-pelo-grupo-em-formacao-videos-palestras-cursos-e-e-book","status":"publish","type":"post","link":"https:\/\/congressinterceei.com\/iaseie\/index.php\/2021\/02\/11\/acoes-integradas-pelo-grupo-em-formacao-videos-palestras-cursos-e-e-book\/","title":{"rendered":"Plano de A\u00e7\u00f5es em 2021 (em breve): Divulga\u00e7\u00e3o on-line de V\u00eddeos, Mini-Palestras, Cursos e E-Book), organizados pela Turma 21 de FCIS S\u00e3o Paulo SP (2020\/2021)"},"content":{"rendered":"\n<div class=\"wp-block-image\"><figure class=\"aligncenter\"><img loading=\"lazy\" decoding=\"async\" width=\"557\" height=\"307\" src=\"http:\/\/congressinterceei.com\/iaseie\/wp-content\/uploads\/2021\/02\/WhatsApp-Image-2021-02-11-at-17.35.01-1.jpeg\" alt=\"\" class=\"wp-image-936\" srcset=\"https:\/\/congressinterceei.com\/iaseie\/wp-content\/uploads\/2021\/02\/WhatsApp-Image-2021-02-11-at-17.35.01-1.jpeg 557w, https:\/\/congressinterceei.com\/iaseie\/wp-content\/uploads\/2021\/02\/WhatsApp-Image-2021-02-11-at-17.35.01-1-300x165.jpeg 300w\" sizes=\"(max-width: 557px) 100vw, 557px\" \/><figcaption>TURMA FCIS T21 &#8211; FEBRACIS S\u00e3o Paulo SP, dezembro 2020\/ janeiro 2021<\/figcaption><\/figure><\/div>\n\n\n\n<p>A IASEIE (Associa\u00e7\u00e3o Internacional de Ci\u00eancia, \u00c9tica e Educa\u00e7\u00e3o Integrada), est\u00e1 realizando com apoio da FCU (Florida Christian University de Orlando, USA) e da FEBRACIS de S\u00e3o Paulo e Campinas SP, um projeto de Forma\u00e7\u00e3o em Coaching Integral Sist\u00eamico na grade GOLDEN Belt, de um grupo de Coaches, da Turma 21 da FEBRACIS S\u00e3o Paulo, em 2021.<\/p>\n","protected":false},"excerpt":{"rendered":"<p>A IASEIE (Associa\u00e7\u00e3o Internacional de Ci\u00eancia, \u00c9tica e Educa\u00e7\u00e3o Integrada), est\u00e1 realizando com apoio da FCU (Florida Christian University de Orlando, USA) e da FEBRACIS de S\u00e3o Paulo e Campinas SP, um projeto de Forma\u00e7\u00e3o em Coaching Integral Sist\u00eamico na grade GOLDEN Belt, de um grupo de Coaches, da Turma 21 da FEBRACIS S\u00e3o Paulo, em 2021.<\/p>\n","protected":false},"author":1,"featured_media":923,"comment_status":"open","ping_status":"open","sticky":false,"template":"","format":"standard","meta":{"footnotes":""},"categories":[2],"tags":[45,70,87,94,95],"yoast_head":"<!-- This site is optimized with the Yoast SEO plugin v22.6 - https:\/\/yoast.com\/wordpress\/plugins\/seo\/ -->\n<title>Plano de A\u00e7\u00f5es em 2021 (em breve): Divulga\u00e7\u00e3o on-line de V\u00eddeos, Mini-Palestras, Cursos e E-Book), organizados pela Turma 21 de FCIS S\u00e3o Paulo SP (2020\/2021) - IASEIE<\/title>\n<meta name=\"robots\" content=\"index, follow, max-snippet:-1, max-image-preview:large, max-video-preview:-1\" \/>\n<link rel=\"canonical\" href=\"https:\/\/congressinterceei.com\/iaseie\/index.php\/2021\/02\/11\/acoes-integradas-pelo-grupo-em-formacao-videos-palestras-cursos-e-e-book\/\" \/>\n<meta property=\"og:locale\" content=\"en_US\" \/>\n<meta property=\"og:type\" content=\"article\" \/>\n<meta property=\"og:title\" content=\"Plano de A\u00e7\u00f5es em 2021 (em breve): Divulga\u00e7\u00e3o on-line de V\u00eddeos, Mini-Palestras, Cursos e E-Book), organizados pela Turma 21 de FCIS S\u00e3o Paulo SP (2020\/2021) - IASEIE\" \/>\n<meta property=\"og:description\" content=\"A IASEIE (Associa\u00e7\u00e3o Internacional de Ci\u00eancia, \u00c9tica e Educa\u00e7\u00e3o Integrada), est\u00e1 realizando com apoio da FCU (Florida Christian University de Orlando, USA) e da FEBRACIS de S\u00e3o Paulo e Campinas SP, um projeto de Forma\u00e7\u00e3o em Coaching Integral Sist\u00eamico na grade GOLDEN Belt, de um grupo de Coaches, da Turma 21 da FEBRACIS S\u00e3o Paulo, em 2021.\" \/>\n<meta property=\"og:url\" content=\"https:\/\/congressinterceei.com\/iaseie\/index.php\/2021\/02\/11\/acoes-integradas-pelo-grupo-em-formacao-videos-palestras-cursos-e-e-book\/\" \/>\n<meta property=\"og:site_name\" content=\"IASEIE\" \/>\n<meta property=\"article:publisher\" content=\"https:\/\/www.facebook.com\/internationalaseieusa\/\" \/>\n<meta property=\"article:published_time\" content=\"2021-02-11T20:43:14+00:00\" \/>\n<meta property=\"article:modified_time\" content=\"2021-02-25T16:25:23+00:00\" \/>\n<meta property=\"og:image\" content=\"https:\/\/congressinterceei.com\/iaseie\/wp-content\/uploads\/2021\/02\/golden_belt.png\" \/>\n\t<meta property=\"og:image:width\" content=\"1920\" \/>\n\t<meta property=\"og:image:height\" content=\"1080\" \/>\n\t<meta property=\"og:image:type\" content=\"image\/png\" \/>\n<meta name=\"author\" content=\"Direto da Reda\u00e7\u00e3o\" \/>\n<meta name=\"twitter:card\" content=\"summary_large_image\" \/>\n<meta name=\"twitter:label1\" content=\"Written by\" \/>\n\t<meta name=\"twitter:data1\" content=\"Direto da Reda\u00e7\u00e3o\" \/>\n<script type=\"application\/ld+json\" class=\"yoast-schema-graph\">{\"@context\":\"https:\/\/schema.org\",\"@graph\":[{\"@type\":\"Article\",\"@id\":\"https:\/\/congressinterceei.com\/iaseie\/index.php\/2021\/02\/11\/acoes-integradas-pelo-grupo-em-formacao-videos-palestras-cursos-e-e-book\/#article\",\"isPartOf\":{\"@id\":\"https:\/\/congressinterceei.com\/iaseie\/index.php\/2021\/02\/11\/acoes-integradas-pelo-grupo-em-formacao-videos-palestras-cursos-e-e-book\/\"},\"author\":{\"name\":\"Direto da Reda\u00e7\u00e3o\",\"@id\":\"https:\/\/congressinterceei.com\/iaseie\/#\/schema\/person\/fe6662263455379bbf6ab12ad6411c90\"},\"headline\":\"Plano de A\u00e7\u00f5es em 2021 (em breve): Divulga\u00e7\u00e3o on-line de V\u00eddeos, Mini-Palestras, Cursos e E-Book), organizados pela Turma 21 de FCIS S\u00e3o Paulo SP (2020\/2021)\",\"datePublished\":\"2021-02-11T20:43:14+00:00\",\"dateModified\":\"2021-02-25T16:25:23+00:00\",\"mainEntityOfPage\":{\"@id\":\"https:\/\/congressinterceei.com\/iaseie\/index.php\/2021\/02\/11\/acoes-integradas-pelo-grupo-em-formacao-videos-palestras-cursos-e-e-book\/\"},\"wordCount\":99,\"commentCount\":0,\"publisher\":{\"@id\":\"https:\/\/congressinterceei.com\/iaseie\/#organization\"},\"image\":{\"@id\":\"https:\/\/congressinterceei.com\/iaseie\/index.php\/2021\/02\/11\/acoes-integradas-pelo-grupo-em-formacao-videos-palestras-cursos-e-e-book\/#primaryimage\"},\"thumbnailUrl\":\"https:\/\/congressinterceei.com\/iaseie\/wp-content\/uploads\/2021\/02\/golden_belt.png\",\"keywords\":[\"Coach\",\"FCU\",\"FEBRACIS\",\"GOLDEN BELT\",\"Grupo\"],\"articleSection\":[\"News\"],\"inLanguage\":\"en-US\",\"potentialAction\":[{\"@type\":\"CommentAction\",\"name\":\"Comment\",\"target\":[\"https:\/\/congressinterceei.com\/iaseie\/index.php\/2021\/02\/11\/acoes-integradas-pelo-grupo-em-formacao-videos-palestras-cursos-e-e-book\/#respond\"]}]},{\"@type\":\"WebPage\",\"@id\":\"https:\/\/congressinterceei.com\/iaseie\/index.php\/2021\/02\/11\/acoes-integradas-pelo-grupo-em-formacao-videos-palestras-cursos-e-e-book\/\",\"url\":\"https:\/\/congressinterceei.com\/iaseie\/index.php\/2021\/02\/11\/acoes-integradas-pelo-grupo-em-formacao-videos-palestras-cursos-e-e-book\/\",\"name\":\"Plano de A\u00e7\u00f5es em 2021 (em breve): Divulga\u00e7\u00e3o on-line de V\u00eddeos, Mini-Palestras, Cursos e E-Book), organizados pela Turma 21 de FCIS S\u00e3o Paulo SP (2020\/2021) - IASEIE\",\"isPartOf\":{\"@id\":\"https:\/\/congressinterceei.com\/iaseie\/#website\"},\"primaryImageOfPage\":{\"@id\":\"https:\/\/congressinterceei.com\/iaseie\/index.php\/2021\/02\/11\/acoes-integradas-pelo-grupo-em-formacao-videos-palestras-cursos-e-e-book\/#primaryimage\"},\"image\":{\"@id\":\"https:\/\/congressinterceei.com\/iaseie\/index.php\/2021\/02\/11\/acoes-integradas-pelo-grupo-em-formacao-videos-palestras-cursos-e-e-book\/#primaryimage\"},\"thumbnailUrl\":\"https:\/\/congressinterceei.com\/iaseie\/wp-content\/uploads\/2021\/02\/golden_belt.png\",\"datePublished\":\"2021-02-11T20:43:14+00:00\",\"dateModified\":\"2021-02-25T16:25:23+00:00\",\"breadcrumb\":{\"@id\":\"https:\/\/congressinterceei.com\/iaseie\/index.php\/2021\/02\/11\/acoes-integradas-pelo-grupo-em-formacao-videos-palestras-cursos-e-e-book\/#breadcrumb\"},\"inLanguage\":\"en-US\",\"potentialAction\":[{\"@type\":\"ReadAction\",\"target\":[\"https:\/\/congressinterceei.com\/iaseie\/index.php\/2021\/02\/11\/acoes-integradas-pelo-grupo-em-formacao-videos-palestras-cursos-e-e-book\/\"]}]},{\"@type\":\"ImageObject\",\"inLanguage\":\"en-US\",\"@id\":\"https:\/\/congressinterceei.com\/iaseie\/index.php\/2021\/02\/11\/acoes-integradas-pelo-grupo-em-formacao-videos-palestras-cursos-e-e-book\/#primaryimage\",\"url\":\"https:\/\/congressinterceei.com\/iaseie\/wp-content\/uploads\/2021\/02\/golden_belt.png\",\"contentUrl\":\"https:\/\/congressinterceei.com\/iaseie\/wp-content\/uploads\/2021\/02\/golden_belt.png\",\"width\":1920,\"height\":1080,\"caption\":\"Golden Belt\"},{\"@type\":\"BreadcrumbList\",\"@id\":\"https:\/\/congressinterceei.com\/iaseie\/index.php\/2021\/02\/11\/acoes-integradas-pelo-grupo-em-formacao-videos-palestras-cursos-e-e-book\/#breadcrumb\",\"itemListElement\":[{\"@type\":\"ListItem\",\"position\":1,\"name\":\"Home\",\"item\":\"https:\/\/congressinterceei.com\/iaseie\/\"},{\"@type\":\"ListItem\",\"position\":2,\"name\":\"Plano de A\u00e7\u00f5es em 2021 (em breve): Divulga\u00e7\u00e3o on-line de V\u00eddeos, Mini-Palestras, Cursos e E-Book), organizados pela Turma 21 de FCIS S\u00e3o Paulo SP (2020\/2021)\"}]},{\"@type\":\"WebSite\",\"@id\":\"https:\/\/congressinterceei.com\/iaseie\/#website\",\"url\":\"https:\/\/congressinterceei.com\/iaseie\/\",\"name\":\"IASEIE\",\"description\":\"THE INTERNACIONAL ASSOCIATION OF SCIENCE, ETHICS AND INTEGRATED EDUCATION\",\"publisher\":{\"@id\":\"https:\/\/congressinterceei.com\/iaseie\/#organization\"},\"potentialAction\":[{\"@type\":\"SearchAction\",\"target\":{\"@type\":\"EntryPoint\",\"urlTemplate\":\"https:\/\/congressinterceei.com\/iaseie\/?s={search_term_string}\"},\"query-input\":\"required name=search_term_string\"}],\"inLanguage\":\"en-US\"},{\"@type\":\"Organization\",\"@id\":\"https:\/\/congressinterceei.com\/iaseie\/#organization\",\"name\":\"IASEIE - THE INTERNACIONAL ASSOCIATION OF SCIENCE, ETHICS AND INTEGRATED EDUCATION\",\"url\":\"https:\/\/congressinterceei.com\/iaseie\/\",\"logo\":{\"@type\":\"ImageObject\",\"inLanguage\":\"en-US\",\"@id\":\"https:\/\/congressinterceei.com\/iaseie\/#\/schema\/logo\/image\/\",\"url\":\"https:\/\/congressinterceei.com\/iaseie\/wp-content\/uploads\/2019\/09\/logo_iaseie.png\",\"contentUrl\":\"https:\/\/congressinterceei.com\/iaseie\/wp-content\/uploads\/2019\/09\/logo_iaseie.png\",\"width\":820,\"height\":450,\"caption\":\"IASEIE - THE INTERNACIONAL ASSOCIATION OF SCIENCE, ETHICS AND INTEGRATED EDUCATION\"},\"image\":{\"@id\":\"https:\/\/congressinterceei.com\/iaseie\/#\/schema\/logo\/image\/\"},\"sameAs\":[\"https:\/\/www.facebook.com\/internationalaseieusa\/\",\"https:\/\/www.youtube.com\/channel\/UCJ7efGfZQHrdxLj4Jscu6Vg\",\"https:\/\/www.instagram.com\/iaseieinternacional\"]},{\"@type\":\"Person\",\"@id\":\"https:\/\/congressinterceei.com\/iaseie\/#\/schema\/person\/fe6662263455379bbf6ab12ad6411c90\",\"name\":\"Direto da Reda\u00e7\u00e3o\",\"image\":{\"@type\":\"ImageObject\",\"inLanguage\":\"en-US\",\"@id\":\"https:\/\/congressinterceei.com\/iaseie\/#\/schema\/person\/image\/\",\"url\":\"https:\/\/secure.gravatar.com\/avatar\/2496052b679cd00bc0c7ef16490273ae?s=96&d=mm&r=g\",\"contentUrl\":\"https:\/\/secure.gravatar.com\/avatar\/2496052b679cd00bc0c7ef16490273ae?s=96&d=mm&r=g\",\"caption\":\"Direto da Reda\u00e7\u00e3o\"},\"url\":\"https:\/\/congressinterceei.com\/iaseie\/index.php\/author\/congressinterceei\/\"}]}<\/script>\n<!-- \/ Yoast SEO plugin. -->","yoast_head_json":{"title":"Plano de A\u00e7\u00f5es em 2021 (em breve): Divulga\u00e7\u00e3o on-line de V\u00eddeos, Mini-Palestras, Cursos e E-Book), organizados pela Turma 21 de FCIS S\u00e3o Paulo SP (2020\/2021) - IASEIE","robots":{"index":"index","follow":"follow","max-snippet":"max-snippet:-1","max-image-preview":"max-image-preview:large","max-video-preview":"max-video-preview:-1"},"canonical":"https:\/\/congressinterceei.com\/iaseie\/index.php\/2021\/02\/11\/acoes-integradas-pelo-grupo-em-formacao-videos-palestras-cursos-e-e-book\/","og_locale":"en_US","og_type":"article","og_title":"Plano de A\u00e7\u00f5es em 2021 (em breve): Divulga\u00e7\u00e3o on-line de V\u00eddeos, Mini-Palestras, Cursos e E-Book), organizados pela Turma 21 de FCIS S\u00e3o Paulo SP (2020\/2021) - IASEIE","og_description":"A IASEIE (Associa\u00e7\u00e3o Internacional de Ci\u00eancia, \u00c9tica e Educa\u00e7\u00e3o Integrada), est\u00e1 realizando com apoio da FCU (Florida Christian University de Orlando, USA) e da FEBRACIS de S\u00e3o Paulo e Campinas SP, um projeto de Forma\u00e7\u00e3o em Coaching Integral Sist\u00eamico na grade GOLDEN Belt, de um grupo de Coaches, da Turma 21 da FEBRACIS S\u00e3o Paulo, em 2021.","og_url":"https:\/\/congressinterceei.com\/iaseie\/index.php\/2021\/02\/11\/acoes-integradas-pelo-grupo-em-formacao-videos-palestras-cursos-e-e-book\/","og_site_name":"IASEIE","article_publisher":"https:\/\/www.facebook.com\/internationalaseieusa\/","article_published_time":"2021-02-11T20:43:14+00:00","article_modified_time":"2021-02-25T16:25:23+00:00","og_image":[{"width":1920,"height":1080,"url":"https:\/\/congressinterceei.com\/iaseie\/wp-content\/uploads\/2021\/02\/golden_belt.png","type":"image\/png"}],"author":"Direto da Reda\u00e7\u00e3o","twitter_card":"summary_large_image","twitter_misc":{"Written by":"Direto da Reda\u00e7\u00e3o"},"schema":{"@context":"https:\/\/schema.org","@graph":[{"@type":"Article","@id":"https:\/\/congressinterceei.com\/iaseie\/index.php\/2021\/02\/11\/acoes-integradas-pelo-grupo-em-formacao-videos-palestras-cursos-e-e-book\/#article","isPartOf":{"@id":"https:\/\/congressinterceei.com\/iaseie\/index.php\/2021\/02\/11\/acoes-integradas-pelo-grupo-em-formacao-videos-palestras-cursos-e-e-book\/"},"author":{"name":"Direto da Reda\u00e7\u00e3o","@id":"https:\/\/congressinterceei.com\/iaseie\/#\/schema\/person\/fe6662263455379bbf6ab12ad6411c90"},"headline":"Plano de A\u00e7\u00f5es em 2021 (em breve): Divulga\u00e7\u00e3o on-line de V\u00eddeos, Mini-Palestras, Cursos e E-Book), organizados pela Turma 21 de FCIS S\u00e3o Paulo SP (2020\/2021)","datePublished":"2021-02-11T20:43:14+00:00","dateModified":"2021-02-25T16:25:23+00:00","mainEntityOfPage":{"@id":"https:\/\/congressinterceei.com\/iaseie\/index.php\/2021\/02\/11\/acoes-integradas-pelo-grupo-em-formacao-videos-palestras-cursos-e-e-book\/"},"wordCount":99,"commentCount":0,"publisher":{"@id":"https:\/\/congressinterceei.com\/iaseie\/#organization"},"image":{"@id":"https:\/\/congressinterceei.com\/iaseie\/index.php\/2021\/02\/11\/acoes-integradas-pelo-grupo-em-formacao-videos-palestras-cursos-e-e-book\/#primaryimage"},"thumbnailUrl":"https:\/\/congressinterceei.com\/iaseie\/wp-content\/uploads\/2021\/02\/golden_belt.png","keywords":["Coach","FCU","FEBRACIS","GOLDEN BELT","Grupo"],"articleSection":["News"],"inLanguage":"en-US","potentialAction":[{"@type":"CommentAction","name":"Comment","target":["https:\/\/congressinterceei.com\/iaseie\/index.php\/2021\/02\/11\/acoes-integradas-pelo-grupo-em-formacao-videos-palestras-cursos-e-e-book\/#respond"]}]},{"@type":"WebPage","@id":"https:\/\/congressinterceei.com\/iaseie\/index.php\/2021\/02\/11\/acoes-integradas-pelo-grupo-em-formacao-videos-palestras-cursos-e-e-book\/","url":"https:\/\/congressinterceei.com\/iaseie\/index.php\/2021\/02\/11\/acoes-integradas-pelo-grupo-em-formacao-videos-palestras-cursos-e-e-book\/","name":"Plano de A\u00e7\u00f5es em 2021 (em breve): Divulga\u00e7\u00e3o on-line de V\u00eddeos, Mini-Palestras, Cursos e E-Book), organizados pela Turma 21 de FCIS S\u00e3o Paulo SP (2020\/2021) - IASEIE","isPartOf":{"@id":"https:\/\/congressinterceei.com\/iaseie\/#website"},"primaryImageOfPage":{"@id":"https:\/\/congressinterceei.com\/iaseie\/index.php\/2021\/02\/11\/acoes-integradas-pelo-grupo-em-formacao-videos-palestras-cursos-e-e-book\/#primaryimage"},"image":{"@id":"https:\/\/congressinterceei.com\/iaseie\/index.php\/2021\/02\/11\/acoes-integradas-pelo-grupo-em-formacao-videos-palestras-cursos-e-e-book\/#primaryimage"},"thumbnailUrl":"https:\/\/congressinterceei.com\/iaseie\/wp-content\/uploads\/2021\/02\/golden_belt.png","datePublished":"2021-02-11T20:43:14+00:00","dateModified":"2021-02-25T16:25:23+00:00","breadcrumb":{"@id":"https:\/\/congressinterceei.com\/iaseie\/index.php\/2021\/02\/11\/acoes-integradas-pelo-grupo-em-formacao-videos-palestras-cursos-e-e-book\/#breadcrumb"},"inLanguage":"en-US","potentialAction":[{"@type":"ReadAction","target":["https:\/\/congressinterceei.com\/iaseie\/index.php\/2021\/02\/11\/acoes-integradas-pelo-grupo-em-formacao-videos-palestras-cursos-e-e-book\/"]}]},{"@type":"ImageObject","inLanguage":"en-US","@id":"https:\/\/congressinterceei.com\/iaseie\/index.php\/2021\/02\/11\/acoes-integradas-pelo-grupo-em-formacao-videos-palestras-cursos-e-e-book\/#primaryimage","url":"https:\/\/congressinterceei.com\/iaseie\/wp-content\/uploads\/2021\/02\/golden_belt.png","contentUrl":"https:\/\/congressinterceei.com\/iaseie\/wp-content\/uploads\/2021\/02\/golden_belt.png","width":1920,"height":1080,"caption":"Golden Belt"},{"@type":"BreadcrumbList","@id":"https:\/\/congressinterceei.com\/iaseie\/index.php\/2021\/02\/11\/acoes-integradas-pelo-grupo-em-formacao-videos-palestras-cursos-e-e-book\/#breadcrumb","itemListElement":[{"@type":"ListItem","position":1,"name":"Home","item":"https:\/\/congressinterceei.com\/iaseie\/"},{"@type":"ListItem","position":2,"name":"Plano de A\u00e7\u00f5es em 2021 (em breve): Divulga\u00e7\u00e3o on-line de V\u00eddeos, Mini-Palestras, Cursos e E-Book), organizados pela Turma 21 de FCIS S\u00e3o Paulo SP (2020\/2021)"}]},{"@type":"WebSite","@id":"https:\/\/congressinterceei.com\/iaseie\/#website","url":"https:\/\/congressinterceei.com\/iaseie\/","name":"IASEIE","description":"THE INTERNACIONAL ASSOCIATION OF SCIENCE, ETHICS AND INTEGRATED EDUCATION","publisher":{"@id":"https:\/\/congressinterceei.com\/iaseie\/#organization"},"potentialAction":[{"@type":"SearchAction","target":{"@type":"EntryPoint","urlTemplate":"https:\/\/congressinterceei.com\/iaseie\/?s={search_term_string}"},"query-input":"required name=search_term_string"}],"inLanguage":"en-US"},{"@type":"Organization","@id":"https:\/\/congressinterceei.com\/iaseie\/#organization","name":"IASEIE - THE INTERNACIONAL ASSOCIATION OF SCIENCE, ETHICS AND INTEGRATED EDUCATION","url":"https:\/\/congressinterceei.com\/iaseie\/","logo":{"@type":"ImageObject","inLanguage":"en-US","@id":"https:\/\/congressinterceei.com\/iaseie\/#\/schema\/logo\/image\/","url":"https:\/\/congressinterceei.com\/iaseie\/wp-content\/uploads\/2019\/09\/logo_iaseie.png","contentUrl":"https:\/\/congressinterceei.com\/iaseie\/wp-content\/uploads\/2019\/09\/logo_iaseie.png","width":820,"height":450,"caption":"IASEIE - THE INTERNACIONAL ASSOCIATION OF SCIENCE, ETHICS AND INTEGRATED EDUCATION"},"image":{"@id":"https:\/\/congressinterceei.com\/iaseie\/#\/schema\/logo\/image\/"},"sameAs":["https:\/\/www.facebook.com\/internationalaseieusa\/","https:\/\/www.youtube.com\/channel\/UCJ7efGfZQHrdxLj4Jscu6Vg","https:\/\/www.instagram.com\/iaseieinternacional"]},{"@type":"Person","@id":"https:\/\/congressinterceei.com\/iaseie\/#\/schema\/person\/fe6662263455379bbf6ab12ad6411c90","name":"Direto da Reda\u00e7\u00e3o","image":{"@type":"ImageObject","inLanguage":"en-US","@id":"https:\/\/congressinterceei.com\/iaseie\/#\/schema\/person\/image\/","url":"https:\/\/secure.gravatar.com\/avatar\/2496052b679cd00bc0c7ef16490273ae?s=96&d=mm&r=g","contentUrl":"https:\/\/secure.gravatar.com\/avatar\/2496052b679cd00bc0c7ef16490273ae?s=96&d=mm&r=g","caption":"Direto da Reda\u00e7\u00e3o"},"url":"https:\/\/congressinterceei.com\/iaseie\/index.php\/author\/congressinterceei\/"}]}},"_links":{"self":[{"href":"https:\/\/congressinterceei.com\/iaseie\/index.php\/wp-json\/wp\/v2\/posts\/922"}],"collection":[{"href":"https:\/\/congressinterceei.com\/iaseie\/index.php\/wp-json\/wp\/v2\/posts"}],"about":[{"href":"https:\/\/congressinterceei.com\/iaseie\/index.php\/wp-json\/wp\/v2\/types\/post"}],"author":[{"embeddable":true,"href":"https:\/\/congressinterceei.com\/iaseie\/index.php\/wp-json\/wp\/v2\/users\/1"}],"replies":[{"embeddable":true,"href":"https:\/\/congressinterceei.com\/iaseie\/index.php\/wp-json\/wp\/v2\/comments?post=922"}],"version-history":[{"count":5,"href":"https:\/\/congressinterceei.com\/iaseie\/index.php\/wp-json\/wp\/v2\/posts\/922\/revisions"}],"predecessor-version":[{"id":950,"href":"https:\/\/congressinterceei.com\/iaseie\/index.php\/wp-json\/wp\/v2\/posts\/922\/revisions\/950"}],"wp:featuredmedia":[{"embeddable":true,"href":"https:\/\/congressinterceei.com\/iaseie\/index.php\/wp-json\/wp\/v2\/media\/923"}],"wp:attachment":[{"href":"https:\/\/congressinterceei.com\/iaseie\/index.php\/wp-json\/wp\/v2\/media?parent=922"}],"wp:term":[{"taxonomy":"category","embeddable":true,"href":"https:\/\/congressinterceei.com\/iaseie\/index.php\/wp-json\/wp\/v2\/categories?post=922"},{"taxonomy":"post_tag","embeddable":true,"href":"https:\/\/congressinterceei.com\/iaseie\/index.php\/wp-json\/wp\/v2\/tags?post=922"}],"curies":[{"name":"wp","href":"https:\/\/api.w.org\/{rel}","templated":true}]}}